{"id":29954,"date":"2016-02-17T18:24:32","date_gmt":"2016-02-17T16:24:32","guid":{"rendered":"http:\/\/www.evanjelik.sk\/?p=29954"},"modified":"2016-02-17T18:24:32","modified_gmt":"2016-02-17T16:24:32","slug":"martin-razus-postna-modlitba","status":"publish","type":"post","link":"https:\/\/www.e-anjelik.sk\/index.php\/2016\/02\/17\/martin-razus-postna-modlitba\/","title":{"rendered":"MARTIN R\u00c1ZUS: P\u00f4stna modlitba"},"content":{"rendered":"<p><b>MARTIN R\u00c1ZUS: P\u00f4stna modlitba<\/b><\/p>\n<p>Kriste, ke\u010f \u010das smutn\u00fd st\u00e1va,<\/p>\n<p>bu\u010f Ti \u010des\u0165 &#8211; \u00f3, bu\u010f Ti sl\u00e1va<\/p>\n<p>za ten trud a za p\u00fa\u0165 sv\u00e4t\u00fa,<\/p>\n<p>po nej kr\u00e1\u010da\u0161 na Golgotu!<\/p>\n<p>Pros\u00edme v\u0161ak, Pane drah\u00fd,<\/p>\n<p>\u017eehnaj na\u0161e dobr\u00e9 snahy &#8211;<\/p>\n<p>Tvoje kroky nasledova\u0165,<\/p>\n<p>a jak Ty chce\u0161 &#8211; tak sa chova\u0165!<\/p>\n<p>V\u0161etk\u00fdch, ktor\u00ed zr\u00fa dnes k Tebe,<\/p>\n<p>pov\u00e1\u017e &#8211; na vzdych otvor nebe,<\/p>\n<p>vysly\u0161, uchr\u00e1\u0148, popraj zdravia,<\/p>\n<p>za dobrotu nech \u0164a sl\u00e1via!<\/p>\n<p>\u013dud svoj zasta\u0148 bo\u017eskou mocou,<\/p>\n<p>na \u010da\u013eadn\u00fdch vzhliadni otcov,<\/p>\n<p>i na matky &#8211; dietky v diali,<\/p>\n<p>aby sa tam dobre mali!<\/p>\n<p>I tu doma prosby sl\u00fdchaj,<\/p>\n<p>a mdl\u00fdch v pr\u00e1ci mocne zdv\u00edhaj,<\/p>\n<p>\u017eehnaj piln\u00fdm ruk\u00e1m, Pane,<\/p>\n<p>zachovaj, \u010do z l\u00e1sky dan\u00e9,<\/p>\n<p>nech sa dielu \u0161\u0165astne dar\u00ed\u2026<\/p>\n<p>Praj n\u00e1m do\u017ei\u0165 peknej jari,<\/p>\n<p>a ak v\u00f4\u013ea Tvoja sv\u00e4t\u00e1,<\/p>\n<p>\u017ei\u010d n\u00e1m \u00farodn\u00e9ho leta!<\/p>\n<p>Zavaruj nas v\u0161akej zloby,<\/p>\n<p>telo &#8211; du\u0161u od choroby,<\/p>\n<p>od \u00fakladov &#8211; od zl\u00fdch re\u010d\u00ed,<\/p>\n<p>a daj h\u013eada\u0165 vrchn\u00fdch vec\u00ed\u2026<\/p>\n<p>a\u017e sa niekdy v Tvojom chr\u00e1me<\/p>\n<p>po \u010dasnosti &#8211; na ve\u010dnosti<\/p>\n<p>v sl\u00e1ve Tvojej uhliadame! Amen<\/p>\n","protected":false},"excerpt":{"rendered":"<p>MARTIN R\u00c1ZUS: P\u00f4stna modlitba Kriste, ke\u010f \u010das smutn\u00fd st\u00e1va, bu\u010f Ti \u010des\u0165 &#8211; \u00f3, bu\u010f Ti sl\u00e1va za ten trud a za p\u00fa\u0165 sv\u00e4t\u00fa, po nej kr\u00e1\u010da\u0161 na Golgotu! Pros\u00edme v\u0161ak, Pane drah\u00fd, \u017eehnaj na\u0161e dobr\u00e9 snahy &#8211; Tvoje kroky nasledova\u0165, a jak Ty chce\u0161 &#8211; tak sa chova\u0165! V\u0161etk\u00fdch, ktor\u00ed zr\u00fa dnes k Tebe, &#8230; <a title=\"MARTIN R\u00c1ZUS: P\u00f4stna modlitba\" class=\"read-more\" href=\"https:\/\/www.e-anjelik.sk\/index.php\/2016\/02\/17\/martin-razus-postna-modlitba\/\" aria-label=\"Pre\u010d\u00edtajte si viac o MARTIN R\u00c1ZUS: P\u00f4stna modlitba\">\u010c\u00edta\u0165 viac<\/a><\/p>\n","protected":false},"author":4,"featured_media":0,"comment_status":"open","ping_status":"closed","sticky":false,"template":"","format":"standard","meta":{"footnotes":""},"categories":[1],"tags":[],"class_list":["post-29954","post","type-post","status-publish","format-standard","hentry","category-adventna-modlitba"],"_links":{"self":[{"href":"https:\/\/www.e-anjelik.sk\/index.php\/wp-json\/wp\/v2\/posts\/29954","targetHints":{"allow":["GET"]}}],"collection":[{"href":"https:\/\/www.e-anjelik.sk\/index.php\/wp-json\/wp\/v2\/posts"}],"about":[{"href":"https:\/\/www.e-anjelik.sk\/index.php\/wp-json\/wp\/v2\/types\/post"}],"author":[{"embeddable":true,"href":"https:\/\/www.e-anjelik.sk\/index.php\/wp-json\/wp\/v2\/users\/4"}],"replies":[{"embeddable":true,"href":"https:\/\/www.e-anjelik.sk\/index.php\/wp-json\/wp\/v2\/comments?post=29954"}],"version-history":[{"count":0,"href":"https:\/\/www.e-anjelik.sk\/index.php\/wp-json\/wp\/v2\/posts\/29954\/revisions"}],"wp:attachment":[{"href":"https:\/\/www.e-anjelik.sk\/index.php\/wp-json\/wp\/v2\/media?parent=29954"}],"wp:term":[{"taxonomy":"category","embeddable":true,"href":"https:\/\/www.e-anjelik.sk\/index.php\/wp-json\/wp\/v2\/categories?post=29954"},{"taxonomy":"post_tag","embeddable":true,"href":"https:\/\/www.e-anjelik.sk\/index.php\/wp-json\/wp\/v2\/tags?post=29954"}],"curies":[{"name":"wp","href":"https:\/\/api.w.org\/{rel}","templated":true}]}}