{"id":2996,"date":"2010-09-01T12:50:03","date_gmt":"2010-09-01T12:50:03","guid":{"rendered":"http:\/\/e-anjelik.sk\/?p=2996"},"modified":"2010-09-01T12:50:03","modified_gmt":"2010-09-01T12:50:03","slug":"kurz-nemciny-v-erlangennemecko","status":"publish","type":"post","link":"https:\/\/www.e-anjelik.sk\/index.php\/2010\/09\/01\/kurz-nemciny-v-erlangennemecko\/","title":{"rendered":"Kurz nem\u010diny v Erlangen,Nemecko"},"content":{"rendered":"<p>Od 17. augusta do 11. septembra t. sa v &uacute;stred&iacute; Spolku M. Luthera&nbsp;v Erlangen, Nemecko kon&aacute; pravideln&yacute; kurz nemeck&eacute;ho jazyka. Toho roku s&uacute; pr&iacute;tomn&iacute; &uacute;\u010dastn&iacute;ci z t&yacute;chto &scaron;t&aacute;tov:<\/p>\n<p>Est&oacute;nsko, F&iacute;nsko, Franc&uacute;zsko, Taliansko, Kirgizsko, Loty&scaron;sko, Po\u013esko, Rumunsko, Rusko, Slovensko, Slovinsko,Ma\u010farsko a \u010cesko. &Uacute;\u010dastn&iacute;ci s&uacute; rozdelen&iacute; do skup&iacute;n pod\u013ea znalost&iacute; nem\u010diny. Na lekci&aacute;ch \u010d&iacute;taj&uacute; aj Lutherove diela a sna\u017eia sa ich pochopi\u0165. Ob\u013e&uacute;ben&eacute; s&uacute; samotn&yacute;mi &uacute;\u010dastn&iacute;kmi organizovan&eacute; rann&eacute; a ve\u010dern&eacute; pobo\u017enosti. Jeden ve\u010der bol venovan&yacute; spozn&aacute;vaniu sa a predstaveniu svojich cirkv&iacute; v nem\u010dine. V nede\u013eu id&uacute; do niektor&eacute;ho cirkevn&eacute;ho zboru na slu\u017eby Bo\u017eie a stretnutie s veriacimi.<\/p>\n<p>(<a href=\"http:\/\/www.martin-luther-bund.de\">www.martin-luther-bund.de<\/a>)<\/p>\n","protected":false},"excerpt":{"rendered":"<p>Od 17. augusta do 11. septembra t. sa v &uacute;stred&iacute; Spolku M. Luthera&nbsp;v Erlangen, Nemecko kon&aacute; pravideln&yacute; kurz nemeck&eacute;ho jazyka. Toho roku s&uacute; pr&iacute;tomn&iacute; &uacute;\u010dastn&iacute;ci z t&yacute;chto &scaron;t&aacute;tov: Est&oacute;nsko, F&iacute;nsko, Franc&uacute;zsko, Taliansko, Kirgizsko, Loty&scaron;sko, Po\u013esko, Rumunsko, Rusko, Slovensko, Slovinsko,Ma\u010farsko a \u010cesko. &Uacute;\u010dastn&iacute;ci s&uacute; rozdelen&iacute; do skup&iacute;n pod\u013ea znalost&iacute; nem\u010diny. Na lekci&aacute;ch \u010d&iacute;taj&uacute; aj Lutherove diela &#8230; <a title=\"Kurz nem\u010diny v Erlangen,Nemecko\" class=\"read-more\" href=\"https:\/\/www.e-anjelik.sk\/index.php\/2010\/09\/01\/kurz-nemciny-v-erlangennemecko\/\" aria-label=\"Pre\u010d\u00edtajte si viac o Kurz nem\u010diny v Erlangen,Nemecko\">\u010c\u00edta\u0165 viac<\/a><\/p>\n","protected":false},"author":22,"featured_media":0,"comment_status":"open","ping_status":"open","sticky":false,"template":"","format":"standard","meta":{"footnotes":""},"categories":[9,10],"tags":[],"class_list":["post-2996","post","type-post","status-publish","format-standard","hentry","category-europa","category-zo-sveta"],"_links":{"self":[{"href":"https:\/\/www.e-anjelik.sk\/index.php\/wp-json\/wp\/v2\/posts\/2996","targetHints":{"allow":["GET"]}}],"collection":[{"href":"https:\/\/www.e-anjelik.sk\/index.php\/wp-json\/wp\/v2\/posts"}],"about":[{"href":"https:\/\/www.e-anjelik.sk\/index.php\/wp-json\/wp\/v2\/types\/post"}],"author":[{"embeddable":true,"href":"https:\/\/www.e-anjelik.sk\/index.php\/wp-json\/wp\/v2\/users\/22"}],"replies":[{"embeddable":true,"href":"https:\/\/www.e-anjelik.sk\/index.php\/wp-json\/wp\/v2\/comments?post=2996"}],"version-history":[{"count":0,"href":"https:\/\/www.e-anjelik.sk\/index.php\/wp-json\/wp\/v2\/posts\/2996\/revisions"}],"wp:attachment":[{"href":"https:\/\/www.e-anjelik.sk\/index.php\/wp-json\/wp\/v2\/media?parent=2996"}],"wp:term":[{"taxonomy":"category","embeddable":true,"href":"https:\/\/www.e-anjelik.sk\/index.php\/wp-json\/wp\/v2\/categories?post=2996"},{"taxonomy":"post_tag","embeddable":true,"href":"https:\/\/www.e-anjelik.sk\/index.php\/wp-json\/wp\/v2\/tags?post=2996"}],"curies":[{"name":"wp","href":"https:\/\/api.w.org\/{rel}","templated":true}]}}