{"id":29960,"date":"2016-02-18T00:39:45","date_gmt":"2016-02-17T22:39:45","guid":{"rendered":"http:\/\/www.evanjelik.sk\/?p=29960"},"modified":"2025-09-12T20:09:51","modified_gmt":"2025-09-12T18:09:51","slug":"kostnicka-iskricka-c-7","status":"publish","type":"post","link":"https:\/\/www.e-anjelik.sk\/index.php\/2016\/02\/18\/kostnicka-iskricka-c-7\/","title":{"rendered":"Kostnick\u00e1 iskri\u010dka \u010d.7:  Omen &#8211; nomen"},"content":{"rendered":"\n<p>Deleg\u00e1cia Uhorska na kostnickom sneme (1414-1418) ktorej sme sa venovali naposledy, bola zameran\u00e1 proti J\u00e1novi Husovi a\u00a0jeho u\u010deniu. Nemo\u017eno preto ob\u00eds\u0165 t\u00fdch Slov\u00e1kov, ktor\u00ed Husa a\u00a0jeho u\u010denie osobne poznali a\u00a0ktor\u00ed sa\u00a0k\u00a0nemu aj pozit\u00edvne postavili. Boli zo skupiny asi 50 &#8211; tich\u00a0Slov\u00e1kov, ktor\u00ed \u0161tudovali na Karlovej univerzite v\u00a0dobe Husovej, alebo sa osobne priamo s\u00a0n\u00edm poznali. Z\u00a0t\u00fdch, ktor\u00ed sa jednozna\u010dne postavili do radov jeho \u017eiakov mo\u017eno spomen\u00fa\u0165 aspo\u0148 troch.<br> Tak\u00fdm bol <b>Slov\u00e1k J\u00e1n Laurini<\/b> (Vavrincov) <b>z\u00a0Ra\u010d\u00edc, <\/b>Husov \u017eiak. Bol nitriansky kanonik a od roku 1408 magister slobodn\u00fdch umen\u00ed v\u00a0Prahe. Tu sa tak nadchol Husov\u00fdm u\u010den\u00edm, \u017ee ho otvorene vyzn\u00e1val a\u00a0propagoval. Roku 1417 dokazoval vo zvl\u00e1\u0161tnej rozprave o cirkvi, \u017ee Hus mal pravdu. Bol za to ob\u017ealovan\u00fd magistrom Pavlom z\u00a0Dolan u\u00a0biskupa Hynka v\u00a0Nitre. Ke\u010f olom\u00facky biskup vyhl\u00e1sil, \u017ee Laur\u00edni je ve\u013ek\u00fd heretik \u010ceska, zastavil mu p\u00e1n biskup v\u0161etky kanonick\u00e9 d\u00f4chodky. Preto u\u0161iel sp\u00e4\u0165 na Moravu, kde nap\u00edsal sedem polemick\u00fdch spisov proti Pavlovi. Pod\u013ea r\u00edmsko-katol\u00edckeho podania sa po tomto \u201enapomenut\u00ed\u201c \u00fadajne vr\u00e1til do \u201espr\u00e1vneho\u201c ov\u010dinca.<\/p>\n\n\n\n<p>Prirodzene, \u00faplne in\u00fd meter mal &nbsp;biskup Hynek na svoj \u00farad. Za biskupa ho ako benedikt\u00ednskeho op\u00e1ta na Zobore vymenoval \u2013 n\u00e1m u\u017e dobre zn\u00e1my kr\u00e1\u013e \u017digmund! A&nbsp;dodato\u010dne ho dal zvoli\u0165 aj nitrianskou kapitulou. Pod\u013ea cirkevn\u00fdch z\u00e1konov tak\u00fd biskup bez p\u00e1pe\u017eovho schv\u00e1lenia nemal pr\u00e1vo riadi\u0165 diec\u00e9zu ani pobera\u0165 cirkevn\u00e9 d\u00f4chodky. Vid\u00edme, \u017ee aj tu si \u017digmund po\u010d\u00ednal ako skuto\u010dn\u00fd kac\u00edr. Hynek je pam\u00e4tn\u00fd aj t\u00fdm, \u017ee je autorom najstar\u0161ej zachovanej slovenskej listiny p\u00edsanej \u010desk\u00fdm jazykom, preto\u017ee bol \u010cech.<\/p>\n\n\n\n<p>Inak to bolo s\u00a0horliv\u00fdm Husov\u00fdm st\u00fapencom, <b>Slov\u00e1kom Luk\u00e1\u0161om z\u00a0Nov\u00e9ho mesta nad V\u00e1hom.<\/b> P\u00f4sobil v\u00a0\u010cech\u00e1ch ako t\u00e1borsk\u00fd k\u0148az. Nap\u00edsal trakt\u00e1t o\u00a0eucharistii a napokon zomrel ako mu\u010den\u00edk, up\u00e1len\u00fd na hranici.<\/p>\n\n\n\n<p>Tret\u00ed zn\u00e1my Slov\u00e1k , ktor\u00fd p\u00f4sobil v&nbsp;\u010cech\u00e1ch bol <b>Matej zo Zvolena<\/b>, Husov \u017eiak, od roku 1411 licenci\u00e1t filozofickej fakulty. Nap\u00edsal filozofick\u00fd slovn\u00edk <i>\u201eRosarium sacrae Theologiae\u201c.<\/i><\/p>\n\n\n\n<p>Za v\u0161etk\u00fdch ostatn\u00fdch spome\u0148me e\u0161te pekn\u00fd pr\u00edklad far\u00e1ra <b>B. Kokanivusa z&nbsp;Ve\u013ek\u00e9ho \u0160ari\u0161a,<\/b> ktor\u00fd si dal syna pokrsti\u0165 na meno<b>: J\u00e1n Hus. Omen-nomen, <\/b>hovorievalo sa v&nbsp;stredoveku. V\u0161etko (d\u00f4le\u017eit\u00e9) je v&nbsp;mene. Heslo J\u00e1na Koll\u00e1ra bolo: Ke\u010f povie\u0161 Slovan \u2013 nech sa ti ozve \u010dlovek! Parafr\u00e1zou dnes povedzme: Ke\u010f povie\u0161 husita &#8211; nech sa ti ozve vern\u00fd kres\u0165an!<\/p>\n","protected":false},"excerpt":{"rendered":"<p>Deleg\u00e1cia Uhorska na kostnickom sneme (1414-1418) ktorej sme sa venovali naposledy, bola zameran\u00e1 proti J\u00e1novi Husovi a\u00a0jeho u\u010deniu. Nemo\u017eno preto ob\u00eds\u0165 t\u00fdch Slov\u00e1kov, ktor\u00ed Husa a\u00a0jeho u\u010denie osobne poznali a\u00a0ktor\u00ed sa\u00a0k\u00a0nemu aj pozit\u00edvne postavili. Boli zo skupiny asi 50 &#8211; tich\u00a0Slov\u00e1kov, ktor\u00ed \u0161tudovali na Karlovej univerzite v\u00a0dobe Husovej, alebo sa osobne priamo s\u00a0n\u00edm poznali. Z\u00a0t\u00fdch, &#8230; <a title=\"Kostnick\u00e1 iskri\u010dka \u010d.7:  Omen &#8211; nomen\" class=\"read-more\" href=\"https:\/\/www.e-anjelik.sk\/index.php\/2016\/02\/18\/kostnicka-iskricka-c-7\/\" aria-label=\"Pre\u010d\u00edtajte si viac o Kostnick\u00e1 iskri\u010dka \u010d.7:  Omen &#8211; nomen\">\u010c\u00edta\u0165 viac<\/a><\/p>\n","protected":false},"author":4,"featured_media":0,"comment_status":"open","ping_status":"closed","sticky":false,"template":"","format":"standard","meta":{"footnotes":""},"categories":[40],"tags":[],"class_list":["post-29960","post","type-post","status-publish","format-standard","hentry","category-historia"],"_links":{"self":[{"href":"https:\/\/www.e-anjelik.sk\/index.php\/wp-json\/wp\/v2\/posts\/29960","targetHints":{"allow":["GET"]}}],"collection":[{"href":"https:\/\/www.e-anjelik.sk\/index.php\/wp-json\/wp\/v2\/posts"}],"about":[{"href":"https:\/\/www.e-anjelik.sk\/index.php\/wp-json\/wp\/v2\/types\/post"}],"author":[{"embeddable":true,"href":"https:\/\/www.e-anjelik.sk\/index.php\/wp-json\/wp\/v2\/users\/4"}],"replies":[{"embeddable":true,"href":"https:\/\/www.e-anjelik.sk\/index.php\/wp-json\/wp\/v2\/comments?post=29960"}],"version-history":[{"count":2,"href":"https:\/\/www.e-anjelik.sk\/index.php\/wp-json\/wp\/v2\/posts\/29960\/revisions"}],"predecessor-version":[{"id":38483,"href":"https:\/\/www.e-anjelik.sk\/index.php\/wp-json\/wp\/v2\/posts\/29960\/revisions\/38483"}],"wp:attachment":[{"href":"https:\/\/www.e-anjelik.sk\/index.php\/wp-json\/wp\/v2\/media?parent=29960"}],"wp:term":[{"taxonomy":"category","embeddable":true,"href":"https:\/\/www.e-anjelik.sk\/index.php\/wp-json\/wp\/v2\/categories?post=29960"},{"taxonomy":"post_tag","embeddable":true,"href":"https:\/\/www.e-anjelik.sk\/index.php\/wp-json\/wp\/v2\/tags?post=29960"}],"curies":[{"name":"wp","href":"https:\/\/api.w.org\/{rel}","templated":true}]}}