{"id":29964,"date":"2016-02-18T01:01:18","date_gmt":"2016-02-17T23:01:18","guid":{"rendered":"http:\/\/www.evanjelik.sk\/?p=29964"},"modified":"2025-09-12T20:06:59","modified_gmt":"2025-09-12T18:06:59","slug":"kostnicka-iskricka-c-9","status":"publish","type":"post","link":"https:\/\/www.e-anjelik.sk\/index.php\/2016\/02\/18\/kostnicka-iskricka-c-9\/","title":{"rendered":"Kostnick\u00e1 iskri\u010dka \u010d. 9 &#8211; Praha Husova a husitsk\u00e1"},"content":{"rendered":"\n<p><b>V tomto \u010dase sa pomaly kon\u010d\u00ed v Prahe ve\u013emi zauj\u00edmav\u00e1 v\u00fdstava s n\u00e1zvom: <b>Praha<\/b> <b>Husova a husitsk\u00e1.<\/b> Oplat\u00ed sa ju nav\u0161t\u00edvi\u0165. Mo\u017eno tam vidie\u0165 ve\u013ea zauj\u00edmav\u00fdch vec\u00ed. Medzi nimi aj Lutherom vydan\u00fa zbierku Husov\u00fdch listov, ku ktorej nap\u00edsal predhovor i doslov. V doslove nap\u00edsal: <i>\u201dNepochybujem, \u017ee kto tieto listy pre\u010d\u00edtal, ten mus\u00ed poveda\u0165, \u017ee v tomto mu\u017eovi, J\u00e1novi Husovi, bol ve\u013ek\u00fd duch\u201d.&nbsp;<\/i><\/b><\/p>\n\n\n\n<p><b>V k\u00e1zni na de\u0148 \u0160imona a J\u00fadu Luther sved\u010dil:<i> \u201dKeby sv\u00e4t\u00fd, zbo\u017en\u00fd mart\u00fdr J\u00e1n Hus chcel teraz o sebe poveda\u0165: toto trp\u00edm pre moje hriechy, nemohol by to urobi\u0165. Lebo on trp\u00ed pre meno Kristovo a v\u00f4bec nie pre svoje hriechy\u201d. <\/i>Luther mal iste na mysli slov\u00e1\u00a0 \u017dalmu 122: <i>\u201dV pam\u00e4ti ve\u010dnej bude spravodliv\u00fd\u201d,<\/i>\u00a0 i zas\u013e\u00fabenie P\u00e1novo: <i>\u201dBlahoslaven\u00ed, prenasledovan\u00ed pre spravodlivos\u0165, lebo ich je kr\u00e1\u013eovstvo nebesk\u00e9\u201d. (Mt 5,10) <\/i>A apo\u0161tol Peter hovor\u00ed: <i>\u201dBlahoslaven\u00ed ste, ke\u010f v\u00e1s \u013eudia hanobia pre meno Kristovo, lebo Duch sl\u00e1vy, Duch Bo\u017e\u00ed spo\u010d\u00edva na v\u00e1s. Len nech nikto netrp\u00ed ako vrah alebo zlodej alebo zlo\u010dinec \u2026( 1 Pt 4, 14-15)\u00a0 <\/i>Luther <i>s<\/i>t\u00e1l na stanovisku cirkevn\u00e9ho otca Cypriana: \u201dPr\u00ed\u010dina rob\u00ed mu\u010den\u00edka, nie mu\u010den\u00edctvo, alebo tr\u00e1penie\u201d.<\/b><b><br><\/b><\/p>\n\n\n\n<p><b>29.j\u00fana 1525 nap\u00edsal M. Luther stavom \u010cesk\u00e9ho kr\u00e1\u013eovstva aj tak\u00e9to jasn\u00e9 slov\u00e1: \u201d<i>Ja iste so svojimi vern\u00fdmi prehlasujem, \u017ee aj keby cel\u00e9 \u010cechy, \u010do nedaj Boh, J\u00e1na Husa zapreli,\u00a0 ja sa predsa budem k nemu hl\u00e1si\u0165 ako k svojmu. Uj\u00edmam sa ho, aj keby ste vy sami svojho chr\u00e1nenca zavrhli\u201d. <\/i>\u00a0 Vid\u00edme, ak\u00e9 jednozna\u010dn\u00e9 stanovisko Luther k Husovi zaujal.<\/b><\/p>\n\n\n\n<b>\n<p>V \u010cech\u00e1ch zarezonovala J\u00e1nova smr\u0165 okam\u017eite. Bol po\u010d\u00edtan\u00fd k mu\u010den\u00edkom a jeho pamiatka sa pripom\u00ednala u\u017e pri prvom v\u00fdro\u010d\u00ed smrti. Medzi prv\u00fdmi J. Husa za sv\u00e4t\u00e9ho mu\u017ea ozna\u010dil v k\u00e1z\u0148ach kazate\u013e J\u00e1n \u017delivsk\u00fd. Neboli to slov\u00e1 nepremyslen\u00e9. Pod vplyvom filmu \u201cHusiti\u201d sa o \u017delivskom mohla vytvori\u0165 mienka, \u017ee k\u00e1zal ako nejak\u00fd \u201cletni\u010dn\u00fd gu\u013eomet\u201d. Na spom\u00ednanej v\u00fdstave je ale mo\u017en\u00e9 vidie\u0165 \u00fah\u013eadn\u00fdm rukopisom p\u00edsan\u00e9 k\u00e1zne J.\u017delivsk\u00e9ho, ktor\u00e9 s\u00fa pripraven\u00e9 a reaguj\u00fa na aktu\u00e1lnu situ\u00e1ciu. Siln\u00fd to pr\u00edklad do diskusie o tom, \u010di kazate\u013e m\u00e1 k\u00e1za\u0165 len vo\u013ene (\u201cz ducha\u201d), alebo si k\u00e1ze\u0148 poctivo pripravi\u0165!<\/p>\n<p>Husova pamiatka sa dostala \u010doskor aj do kalend\u00e1ra. Ke\u010f majster Peter Codicillus v r.1585 vypustil pod n\u00e1tlakom z kalen\u00e1ra Husov sviatok, pra\u017esk\u00fd \u013eud spieval po uliciach posme\u0161n\u00fa pesni\u010dku: <i>\u201d Stal sa \u010cechom protivn\u00fd kus &#8211; vyletela im z Prahy Hus &#8211; predal ju majster Codicillus\u201d<\/i>!<\/p>\n<p>Jedn\u00fdm z unik\u00e1tnych artefaktov v\u00fdstavy je aj na univerzite v Edinburgu zachovan\u00fd <b>origin\u00e1l protestn\u00e9ho listu \u010deskej a moravskej \u0161\u013eachty <\/b>koncilu s 452 pe\u010da\u0165ami. P\u00f4sob\u00ed naozaj monument\u00e1lne. In\u00fd, ve\u013emi p\u00f4sobiv\u00fd dokument je v\u00fdtla\u010dok kalend\u00e1ra, ktor\u00fd vy\u0161iel po por\u00e1\u017eke na Bielej hore a ktor\u00fd u\u017e nesmel pripom\u00edna\u0165 Husov sviatok. Stato\u010dn\u00fd tla\u010diar v\u0161ak do neho na de\u0148 5. j\u00fala rukou dop\u00edsal: <i>Dnes je sviatok majstra J\u00e1na! <\/i>Nezabudnime na\u0148 ani my, Lutherovi potomkovia.<\/p>\n<\/b>\n\n\n\n<p><\/p>\n\n\n\n<p><\/p>\n","protected":false},"excerpt":{"rendered":"<p>V tomto \u010dase sa pomaly kon\u010d\u00ed v Prahe ve\u013emi zauj\u00edmav\u00e1 v\u00fdstava s n\u00e1zvom: Praha Husova a husitsk\u00e1. Oplat\u00ed sa ju nav\u0161t\u00edvi\u0165. Mo\u017eno tam vidie\u0165 ve\u013ea zauj\u00edmav\u00fdch vec\u00ed. Medzi nimi aj Lutherom vydan\u00fa zbierku Husov\u00fdch listov, ku ktorej nap\u00edsal predhovor i doslov. V doslove nap\u00edsal: \u201dNepochybujem, \u017ee kto tieto listy pre\u010d\u00edtal, ten mus\u00ed poveda\u0165, \u017ee v &#8230; <a title=\"Kostnick\u00e1 iskri\u010dka \u010d. 9 &#8211; Praha Husova a husitsk\u00e1\" class=\"read-more\" href=\"https:\/\/www.e-anjelik.sk\/index.php\/2016\/02\/18\/kostnicka-iskricka-c-9\/\" aria-label=\"Pre\u010d\u00edtajte si viac o Kostnick\u00e1 iskri\u010dka \u010d. 9 &#8211; Praha Husova a husitsk\u00e1\">\u010c\u00edta\u0165 viac<\/a><\/p>\n","protected":false},"author":4,"featured_media":0,"comment_status":"open","ping_status":"closed","sticky":false,"template":"","format":"standard","meta":{"footnotes":""},"categories":[40],"tags":[],"class_list":["post-29964","post","type-post","status-publish","format-standard","hentry","category-historia"],"_links":{"self":[{"href":"https:\/\/www.e-anjelik.sk\/index.php\/wp-json\/wp\/v2\/posts\/29964","targetHints":{"allow":["GET"]}}],"collection":[{"href":"https:\/\/www.e-anjelik.sk\/index.php\/wp-json\/wp\/v2\/posts"}],"about":[{"href":"https:\/\/www.e-anjelik.sk\/index.php\/wp-json\/wp\/v2\/types\/post"}],"author":[{"embeddable":true,"href":"https:\/\/www.e-anjelik.sk\/index.php\/wp-json\/wp\/v2\/users\/4"}],"replies":[{"embeddable":true,"href":"https:\/\/www.e-anjelik.sk\/index.php\/wp-json\/wp\/v2\/comments?post=29964"}],"version-history":[{"count":2,"href":"https:\/\/www.e-anjelik.sk\/index.php\/wp-json\/wp\/v2\/posts\/29964\/revisions"}],"predecessor-version":[{"id":38481,"href":"https:\/\/www.e-anjelik.sk\/index.php\/wp-json\/wp\/v2\/posts\/29964\/revisions\/38481"}],"wp:attachment":[{"href":"https:\/\/www.e-anjelik.sk\/index.php\/wp-json\/wp\/v2\/media?parent=29964"}],"wp:term":[{"taxonomy":"category","embeddable":true,"href":"https:\/\/www.e-anjelik.sk\/index.php\/wp-json\/wp\/v2\/categories?post=29964"},{"taxonomy":"post_tag","embeddable":true,"href":"https:\/\/www.e-anjelik.sk\/index.php\/wp-json\/wp\/v2\/tags?post=29964"}],"curies":[{"name":"wp","href":"https:\/\/api.w.org\/{rel}","templated":true}]}}