{"id":2998,"date":"2010-09-02T09:50:04","date_gmt":"2010-09-02T09:50:04","guid":{"rendered":"http:\/\/e-anjelik.sk\/?p=2998"},"modified":"2010-09-02T09:50:04","modified_gmt":"2010-09-02T09:50:04","slug":"retaz-sluzieb-bozich-v-podunajskych-krajinach","status":"publish","type":"post","link":"https:\/\/www.e-anjelik.sk\/index.php\/2010\/09\/02\/retaz-sluzieb-bozich-v-podunajskych-krajinach\/","title":{"rendered":"Re\u0165az slu\u017eieb Bo\u017e\u00edch v podunajsk\u00fdch krajin\u00e1ch"},"content":{"rendered":"<p>Biskup Evanjelickej krajinskej cirkvi vo W&uuml;rttembersku O.July otvor&iacute; 5. septembra t.r. v katedr&aacute;le v Ulme rad slu\u017eieb Bo\u017e&iacute;ch ku ukon\u010deniu &quot;Dek&aacute;dy na prekon&aacute;vanie n&aacute;silia&quot;. Dek&aacute;du iniciovala do \u017eivota r. 2000 ERC .Teraz sa m&aacute; kona\u0165 na jej ukon\u010denie od septembra 2010 do j&uacute;la 2011 &quot;Dunajsk&aacute; mierov&aacute; vlna&quot; slu\u017ebami Bo\u017e&iacute;mi v cirkevn&yacute;ch zboroch V&nbsp;Nemecku, Rak&uacute;sku, Slovensku, Ma\u010farsku a Rumunsku.Zodpovedn&iacute; v t&yacute;chto piatich krajin&aacute;ch na tento &uacute;\u010del vypracovali spolo\u010dn&uacute; bohoslu\u017eobn&uacute; liturgiu. Mottom na otv&aacute;rac&iacute;ch&nbsp;bohoslu\u017eb&aacute;ch s&uacute; slov&aacute;: &quot;Nech pr&uacute;di pr&aacute;vo ako voda&quot; &nbsp;(Amos 5,24).<\/p>\n<p>(<a href=\"http:\/\/www.elk- wue\">www.elk- wue<\/a>.de)<\/p>\n","protected":false},"excerpt":{"rendered":"<p>Biskup Evanjelickej krajinskej cirkvi vo W&uuml;rttembersku O.July otvor&iacute; 5. septembra t.r. v katedr&aacute;le v Ulme rad slu\u017eieb Bo\u017e&iacute;ch ku ukon\u010deniu &quot;Dek&aacute;dy na prekon&aacute;vanie n&aacute;silia&quot;. Dek&aacute;du iniciovala do \u017eivota r. 2000 ERC .Teraz sa m&aacute; kona\u0165 na jej ukon\u010denie od septembra 2010 do j&uacute;la 2011 &quot;Dunajsk&aacute; mierov&aacute; vlna&quot; slu\u017ebami Bo\u017e&iacute;mi v cirkevn&yacute;ch zboroch V&nbsp;Nemecku, Rak&uacute;sku, Slovensku, &#8230; <a title=\"Re\u0165az slu\u017eieb Bo\u017e\u00edch v podunajsk\u00fdch krajin\u00e1ch\" class=\"read-more\" href=\"https:\/\/www.e-anjelik.sk\/index.php\/2010\/09\/02\/retaz-sluzieb-bozich-v-podunajskych-krajinach\/\" aria-label=\"Pre\u010d\u00edtajte si viac o Re\u0165az slu\u017eieb Bo\u017e\u00edch v podunajsk\u00fdch krajin\u00e1ch\">\u010c\u00edta\u0165 viac<\/a><\/p>\n","protected":false},"author":22,"featured_media":0,"comment_status":"open","ping_status":"open","sticky":false,"template":"","format":"standard","meta":{"footnotes":""},"categories":[9,10],"tags":[],"class_list":["post-2998","post","type-post","status-publish","format-standard","hentry","category-europa","category-zo-sveta"],"_links":{"self":[{"href":"https:\/\/www.e-anjelik.sk\/index.php\/wp-json\/wp\/v2\/posts\/2998","targetHints":{"allow":["GET"]}}],"collection":[{"href":"https:\/\/www.e-anjelik.sk\/index.php\/wp-json\/wp\/v2\/posts"}],"about":[{"href":"https:\/\/www.e-anjelik.sk\/index.php\/wp-json\/wp\/v2\/types\/post"}],"author":[{"embeddable":true,"href":"https:\/\/www.e-anjelik.sk\/index.php\/wp-json\/wp\/v2\/users\/22"}],"replies":[{"embeddable":true,"href":"https:\/\/www.e-anjelik.sk\/index.php\/wp-json\/wp\/v2\/comments?post=2998"}],"version-history":[{"count":0,"href":"https:\/\/www.e-anjelik.sk\/index.php\/wp-json\/wp\/v2\/posts\/2998\/revisions"}],"wp:attachment":[{"href":"https:\/\/www.e-anjelik.sk\/index.php\/wp-json\/wp\/v2\/media?parent=2998"}],"wp:term":[{"taxonomy":"category","embeddable":true,"href":"https:\/\/www.e-anjelik.sk\/index.php\/wp-json\/wp\/v2\/categories?post=2998"},{"taxonomy":"post_tag","embeddable":true,"href":"https:\/\/www.e-anjelik.sk\/index.php\/wp-json\/wp\/v2\/tags?post=2998"}],"curies":[{"name":"wp","href":"https:\/\/api.w.org\/{rel}","templated":true}]}}