{"id":2999,"date":"2010-09-02T10:13:17","date_gmt":"2010-09-02T10:13:17","guid":{"rendered":"http:\/\/e-anjelik.sk\/?p=2999"},"modified":"2010-09-02T10:13:17","modified_gmt":"2010-09-02T10:13:17","slug":"premier-ruska-v-putin-vydal-dekret-na-vratenie-ev-kostola-v-samare","status":"publish","type":"post","link":"https:\/\/www.e-anjelik.sk\/index.php\/2010\/09\/02\/premier-ruska-v-putin-vydal-dekret-na-vratenie-ev-kostola-v-samare\/","title":{"rendered":"Premi\u00e9r Ruska V. Putin vydal dekr\u00e9t na vr\u00e1tenie ev. kostola v Samare"},"content":{"rendered":"<p>V meste Samara bude 4. septembra t.r. sl&aacute;vnos\u0165, ke\u010f tamoj&scaron;&iacute; lut. cirkevn&yacute; zbor sv. Juraja preberie od &scaron;t&aacute;tu do svojho vlastn&iacute;ctva&nbsp;miestny chr&aacute;m, ktor&yacute; postavili r. 1875. Kostol postihol rovnak&yacute; osud ako ostatn&eacute; chr&aacute;my a zbory po\u010das bo\u013e&scaron;evizmu: zhabali ho , vyvlastnili a odovzdali kom&uacute;ne. V r. 1992 vznikol v meste cirkevn&yacute; zbor, ktor&yacute; s&iacute;ce smel chr&aacute;m vyu\u017e&iacute;va\u0165 na bohoslu\u017eby, ale nebol v jeho vlastn&iacute;ctve. Je to prv&yacute; tak&yacute;to pr&iacute;pad, ke\u010f chr&aacute;m &scaron;t&aacute;t vr&aacute;til do vlastn&iacute;ctva ev. lut. cirkvi , a nie ruskej pravosl&aacute;vnej cirkvi. Zbor m&aacute; partnerstvo s cirkvou v Stuttgarte, ktor&yacute; mu pom&aacute;ha nielen finan\u010dne, ale aj k&aacute;drovo &#8211; vysielan&iacute;m duchovn&yacute;ch do slu\u017eby.<\/p>\n<p>(<a href=\"http:\/\/www.elk-wue.de\">www.elk-wue.de<\/a>)<\/p>\n","protected":false},"excerpt":{"rendered":"<p>V meste Samara bude 4. septembra t.r. sl&aacute;vnos\u0165, ke\u010f tamoj&scaron;&iacute; lut. cirkevn&yacute; zbor sv. Juraja preberie od &scaron;t&aacute;tu do svojho vlastn&iacute;ctva&nbsp;miestny chr&aacute;m, ktor&yacute; postavili r. 1875. Kostol postihol rovnak&yacute; osud ako ostatn&eacute; chr&aacute;my a zbory po\u010das bo\u013e&scaron;evizmu: zhabali ho , vyvlastnili a odovzdali kom&uacute;ne. V r. 1992 vznikol v meste cirkevn&yacute; zbor, ktor&yacute; s&iacute;ce smel &#8230; <a title=\"Premi\u00e9r Ruska V. Putin vydal dekr\u00e9t na vr\u00e1tenie ev. kostola v Samare\" class=\"read-more\" href=\"https:\/\/www.e-anjelik.sk\/index.php\/2010\/09\/02\/premier-ruska-v-putin-vydal-dekret-na-vratenie-ev-kostola-v-samare\/\" aria-label=\"Pre\u010d\u00edtajte si viac o Premi\u00e9r Ruska V. Putin vydal dekr\u00e9t na vr\u00e1tenie ev. kostola v Samare\">\u010c\u00edta\u0165 viac<\/a><\/p>\n","protected":false},"author":22,"featured_media":0,"comment_status":"open","ping_status":"open","sticky":false,"template":"","format":"standard","meta":{"footnotes":""},"categories":[35,10],"tags":[],"class_list":["post-2999","post","type-post","status-publish","format-standard","hentry","category-rusko-a-ine","category-zo-sveta"],"_links":{"self":[{"href":"https:\/\/www.e-anjelik.sk\/index.php\/wp-json\/wp\/v2\/posts\/2999","targetHints":{"allow":["GET"]}}],"collection":[{"href":"https:\/\/www.e-anjelik.sk\/index.php\/wp-json\/wp\/v2\/posts"}],"about":[{"href":"https:\/\/www.e-anjelik.sk\/index.php\/wp-json\/wp\/v2\/types\/post"}],"author":[{"embeddable":true,"href":"https:\/\/www.e-anjelik.sk\/index.php\/wp-json\/wp\/v2\/users\/22"}],"replies":[{"embeddable":true,"href":"https:\/\/www.e-anjelik.sk\/index.php\/wp-json\/wp\/v2\/comments?post=2999"}],"version-history":[{"count":0,"href":"https:\/\/www.e-anjelik.sk\/index.php\/wp-json\/wp\/v2\/posts\/2999\/revisions"}],"wp:attachment":[{"href":"https:\/\/www.e-anjelik.sk\/index.php\/wp-json\/wp\/v2\/media?parent=2999"}],"wp:term":[{"taxonomy":"category","embeddable":true,"href":"https:\/\/www.e-anjelik.sk\/index.php\/wp-json\/wp\/v2\/categories?post=2999"},{"taxonomy":"post_tag","embeddable":true,"href":"https:\/\/www.e-anjelik.sk\/index.php\/wp-json\/wp\/v2\/tags?post=2999"}],"curies":[{"name":"wp","href":"https:\/\/api.w.org\/{rel}","templated":true}]}}