{"id":29990,"date":"2016-02-23T20:56:37","date_gmt":"2016-02-23T18:56:37","guid":{"rendered":"http:\/\/www.evanjelik.sk\/?p=29990"},"modified":"2016-02-23T20:56:37","modified_gmt":"2016-02-23T18:56:37","slug":"reakcia-kandidatov-vo-volbach","status":"publish","type":"post","link":"https:\/\/www.e-anjelik.sk\/index.php\/2016\/02\/23\/reakcia-kandidatov-vo-volbach\/","title":{"rendered":"Reakcia kandid\u00e1tov vo vo\u013eb\u00e1ch"},"content":{"rendered":"<p>Zo strany predsedn\u00edctva Evanjelickej cirkvi a. v. na Slovensku (ECAV) \u2013 gener\u00e1lneho biskupa Milo\u0161a Kl\u00e1tika a gener\u00e1lneho dozorcu Imricha Luk\u00e1\u010da \u2013 sme boli obvinen\u00ed zo zneu\u017e\u00edvania n\u00e1zvu cirkvi v predvolebnom boji. Probl\u00e9m mal spo\u010d\u00edva\u0165 v tom, \u017ee sme si za meno na kandida\u010dnej listine uviedli funkciu, ktor\u00fa zast\u00e1vame v Evanjelickej cirkvi a. v.&nbsp;<\/p>\n<p>Inform\u00e1cia prenikla na verejnos\u0165 a prostredn\u00edctvom tla\u010dov\u00fdch agent\u00far SITA a TASR ju publikovali viacer\u00e9 m\u00e9di\u00e1.<\/p>\n<p>Napr. www.domov.sme.sk\/c\/20094195\/evanjelicka-cirkev-protestuje-proti-zneuzivaniu-jej-mena-kandidatmi-za-sdku<\/p>\n<p>alebo www.postoj.sk\/10811\/evanjelicka-cirkev-protestuje-proti-zneuzivaniu-jej-mena-kandidatmi-za-sdku-ds.<\/p>\n<p>&nbsp;<\/p>\n<p>Predsedn\u00edctvo ECAV navy\u0161e podalo podnet na \u0160t\u00e1tnu komisiu pre vo\u013eby a kontrolu financovania politick\u00fdch str\u00e1n s cie\u013eom vyradi\u0165 n\u00e1s z kandid\u00e1tky a teda aj volebn\u00e9ho z\u00e1pasu.<\/p>\n<p>&nbsp;<\/p>\n<p>\u0160t\u00e1tna volebn\u00e1 komisia na svojom zasadnut\u00ed 16. febru\u00e1ra 2016 prijala nasleduj\u00face Uznesenie \u010d. 11\/4\/9:<\/p>\n<p>&nbsp;<\/p>\n<p>\u201e\u0160t\u00e1tna komisia pre vo\u013eby a kontrolu financovania politick\u00fdch str\u00e1n reaguj\u00fac na podnet Gener\u00e1lneho biskupsk\u00e9ho \u00faradu Evanjelickej cirkvi augsbursk\u00e9ho vyznania na Slovensku na pre\u0161etrenie, \u010di nedo\u0161lo k poru\u0161eniu z\u00e1kona \u010d. 180\/2014 Z. z. o podmienkach v\u00fdkonu volebn\u00e9ho pr\u00e1va a o zmene a doplnen\u00ed niektor\u00fdch z\u00e1konov v znen\u00ed z\u00e1kona \u010d. 356\/2015 Z. z. kon\u0161tatuje, \u017ee pravdiv\u00fdm uveden\u00edm zamestnania dozorca Z\u00e1padn\u00e9ho di\u0161triktu Evanjelickej cirkvi Augsbursk\u00e9ho vyznania a dozorca V\u00fdchodn\u00e9ho di\u0161triktu Evanjelickej cirkvi Augsbursk\u00e9ho vyznania nebol poru\u0161en\u00fd z\u00e1kon \u010d. 180\/2014 Z. z. o podmienkach v\u00fdkonu volebn\u00e9ho pr\u00e1va a o zmene a doplnen\u00ed niektor\u00fdch z\u00e1konov.\u201c<\/p>\n<p>&nbsp;<\/p>\n<p>T\u00e1to inform\u00e1cia v\u0161ak u\u017e do m\u00e9di\u00ed neprenikla.<\/p>\n<p>Obraciame sa teda na V\u00e1s s touto tla\u010dovou spr\u00e1vou a prosbou o informovanie verejnosti s v\u00fdsledkom rozhodnutia \u0160t\u00e1tnej komisie pre vo\u013eby a kontrolu financovania politick\u00fdch str\u00e1n prostredn\u00edctvom Va\u0161ich m\u00e9di\u00ed.<\/p>\n<p>&nbsp;<\/p>\n<p>\u010eakujeme.<\/p>\n<p>&nbsp;<\/p>\n<p>S \u00factou<\/p>\n<p>&nbsp;<\/p>\n<p>Vladim\u00edr Dani\u0161, dozorca Z\u00e1padn\u00e9ho di\u0161triktu ECAV<\/p>\n<p>J\u00e1n Brozman, dozorca V\u00fdchodn\u00e9ho di\u0161triktu ECAV<\/p>\n<p>&nbsp;<\/p>\n","protected":false},"excerpt":{"rendered":"<p>Zo strany predsedn\u00edctva Evanjelickej cirkvi a. v. na Slovensku (ECAV) \u2013 gener\u00e1lneho biskupa Milo\u0161a Kl\u00e1tika a gener\u00e1lneho dozorcu Imricha Luk\u00e1\u010da \u2013 sme boli obvinen\u00ed zo zneu\u017e\u00edvania n\u00e1zvu cirkvi v predvolebnom boji. Probl\u00e9m mal spo\u010d\u00edva\u0165 v tom, \u017ee sme si za meno na kandida\u010dnej listine uviedli funkciu, ktor\u00fa zast\u00e1vame v Evanjelickej cirkvi a. v.&nbsp; Inform\u00e1cia prenikla &#8230; <a title=\"Reakcia kandid\u00e1tov vo vo\u013eb\u00e1ch\" class=\"read-more\" href=\"https:\/\/www.e-anjelik.sk\/index.php\/2016\/02\/23\/reakcia-kandidatov-vo-volbach\/\" aria-label=\"Pre\u010d\u00edtajte si viac o Reakcia kandid\u00e1tov vo vo\u013eb\u00e1ch\">\u010c\u00edta\u0165 viac<\/a><\/p>\n","protected":false},"author":5,"featured_media":0,"comment_status":"open","ping_status":"closed","sticky":false,"template":"","format":"standard","meta":{"footnotes":""},"categories":[1],"tags":[],"class_list":["post-29990","post","type-post","status-publish","format-standard","hentry","category-adventna-modlitba"],"_links":{"self":[{"href":"https:\/\/www.e-anjelik.sk\/index.php\/wp-json\/wp\/v2\/posts\/29990","targetHints":{"allow":["GET"]}}],"collection":[{"href":"https:\/\/www.e-anjelik.sk\/index.php\/wp-json\/wp\/v2\/posts"}],"about":[{"href":"https:\/\/www.e-anjelik.sk\/index.php\/wp-json\/wp\/v2\/types\/post"}],"author":[{"embeddable":true,"href":"https:\/\/www.e-anjelik.sk\/index.php\/wp-json\/wp\/v2\/users\/5"}],"replies":[{"embeddable":true,"href":"https:\/\/www.e-anjelik.sk\/index.php\/wp-json\/wp\/v2\/comments?post=29990"}],"version-history":[{"count":0,"href":"https:\/\/www.e-anjelik.sk\/index.php\/wp-json\/wp\/v2\/posts\/29990\/revisions"}],"wp:attachment":[{"href":"https:\/\/www.e-anjelik.sk\/index.php\/wp-json\/wp\/v2\/media?parent=29990"}],"wp:term":[{"taxonomy":"category","embeddable":true,"href":"https:\/\/www.e-anjelik.sk\/index.php\/wp-json\/wp\/v2\/categories?post=29990"},{"taxonomy":"post_tag","embeddable":true,"href":"https:\/\/www.e-anjelik.sk\/index.php\/wp-json\/wp\/v2\/tags?post=29990"}],"curies":[{"name":"wp","href":"https:\/\/api.w.org\/{rel}","templated":true}]}}