{"id":3000,"date":"2010-09-02T12:33:23","date_gmt":"2010-09-02T12:33:23","guid":{"rendered":"http:\/\/e-anjelik.sk\/?p=3000"},"modified":"2010-09-02T12:33:23","modified_gmt":"2010-09-02T12:33:23","slug":"niektori-jednotlivci","status":"publish","type":"post","link":"https:\/\/www.e-anjelik.sk\/index.php\/2010\/09\/02\/niektori-jednotlivci\/","title":{"rendered":"Niektor\u00ed jednotlivci"},"content":{"rendered":"<p>&nbsp;&nbsp;&nbsp; &nbsp; &nbsp; &nbsp; &nbsp; &nbsp; &nbsp; &nbsp; &nbsp; &nbsp; &nbsp; &nbsp; &nbsp; &nbsp; &nbsp; &nbsp; &nbsp; &nbsp; &nbsp; &nbsp; &nbsp; &nbsp; &nbsp; &nbsp;&nbsp;<b>Niektor&iacute; jednotlivci&#8230;<\/b><\/p>\n<p style=\"margin: 0.0px 0.0px 0.0px 0.0px; font: 12.0px Times New Roman; min-height: 15.0px\">&nbsp;<\/p>\n<p style=\"margin: 0.0px 0.0px 0.0px 0.0px; font: 15.0px Times New Roman\"><span style=\"font: 12.0px Times New Roman\">&nbsp;&nbsp; &nbsp; <\/span>Udalos\u0165 z 30.8.2010 v Dev&iacute;nskej Novej Vsi nastolila mnoho r&ocirc;znych ot&aacute;zok i dohadov a znova uk&aacute;zala, \u017ee &bdquo;niektor&iacute; jednotlivci&ldquo;&#8230;&nbsp;<\/p>\n<p style=\"margin: 0.0px 0.0px 0.0px 0.0px; font: 15.0px Times New Roman\"><span style=\"font: 12.0px Times New Roman\">&nbsp;&nbsp; &nbsp; <\/span>Ot&aacute;zky, ktor&eacute; zauj&iacute;mali od prvej chv&iacute;le \u013eud&iacute; okolo krvavej dr&aacute;my, v ktorej u\u017e zn&aacute;my strie\u013eaj&uacute;ci (\u013dH) zabil 8 \u013eud&iacute; (vr&aacute;tane seba sam&eacute;ho) a cca 21 \u0165a\u017e&scaron;ie, alebo \u013eah&scaron;ie zranil boli r&ocirc;zne: kto je a ako sa vol&aacute; ten \u010dlovek, kto s&uacute; obete, ako sa to stalo a ak&yacute; bol mot&iacute;v: rasov&yacute;, susedsk&eacute; spory, \u010di psychick&aacute; naru&scaron;enos\u0165 doty\u010dn&eacute;ho? Nesk&ocirc;r pribudli&nbsp; ot&aacute;zky odborn&eacute;: mal zbra\u0148 v leg&aacute;lnej dr\u017ebe, bol z&aacute;sah pol&iacute;cie adekv&aacute;tny? &#8230;<\/p>\n<p style=\"margin: 0.0px 0.0px 0.0px 0.0px; font: 15.0px Times New Roman\">Postupne prich&aacute;dzaj&uacute; na rad aj ot&aacute;zky celospolo\u010densk&eacute;: je bezpe\u010die na na&scaron;ich&nbsp; uliciach a ako ochr&aacute;ni\u0165&nbsp; ob\u010danov pred n&aacute;sil&iacute;m? V Slovenskom rozhlase zaznela aj &#8211; ako inak- ot&aacute;zka tak ve\u013emi srdcu bl&iacute;zka (niektor&yacute;ch jednotlivcov):&quot; Kde bol Boh, ke\u010f to dovolil &quot;? Excelencia.dp.arcibiskup vykonal aj z&aacute;du&scaron;n&uacute; om&scaron;u za nevinn&eacute; obete, aby zachr&aacute;nil ich du&scaron;e. Ot&aacute;zka Krstu sv&auml;t&eacute;ho, birmovky, sviatostn&eacute;ho man\u017eelstva, viery v Spasite\u013ea a dobr&eacute; skuty nehraj&uacute; v tak&yacute;chto pr&iacute;padoch nijak&uacute; rolu, nam&auml; ke\u010f sa pr&iacute;du &bdquo;modli\u0165&ldquo; aj ateisti a kovan&iacute; antiklerik&aacute;li, bol by v tom&nbsp; \u010dert, aby ich &bdquo;nejak&yacute;&nbsp; Boh&ldquo; naspasil.<\/p>\n<p style=\"margin: 0.0px 0.0px 0.0px 0.0px; font: 12.0px Times New Roman; min-height: 15.0px\">&nbsp;&nbsp;<\/p>\n<p style=\"margin: 0.0px 0.0px 0.0px 0.0px; font: 15.0px Times New Roman\"><span style=\"font: 12.0px Times New Roman\">&nbsp; &nbsp; <\/span>Nem&ocirc;\u017ee ch&yacute;ba\u0165 ani vyhl&aacute;senie d\u0148a &scaron;t&aacute;tneho sm&uacute;tku, z d&ocirc;vodu &bdquo;utrpenia v&aacute;\u017enej citovej ujmy, ale aj prevl&aacute;daj&uacute;ceho &scaron;&iacute;riaceho sa strachu&ldquo;. Trochu ma m&auml;tie iba pochybova\u010dn&aacute; ot&aacute;zka jedn&eacute;ho novin&aacute;ra, ktor&yacute; sa p&yacute;ta p.ministra:&nbsp; ako sa vrah zastrelil, ke\u010f najpr utrpel smrte\u013en&uacute; ranu a ako to m&ocirc;\u017ee pitva dok&aacute;za\u0165?<\/p>\n<p style=\"margin: 0.0px 0.0px 0.0px 0.0px; font: 15.0px Times New Roman\">Zrejme nejako m&ocirc;\u017ee, ale predstava, \u017ee by bol najsk&ocirc;r regul&eacute;rne zastrelen&yacute; a zabit&yacute; a potom (ako\u017ee) sp&aacute;chal samovra\u017edu mi nah&aacute;\u0148a husiu ko\u017eu. A\u017e takto&nbsp; \u010faleko by za&scaron;li niektor&iacute; jednotlivci ? T&yacute;ch &scaron;ialen&yacute;ch by tam potom muselo by\u0165 viac, ako sme si dosia\u013e v&scaron;imli.<\/p>\n<p style=\"margin: 0.0px 0.0px 0.0px 0.0px; font: 12.0px Times New Roman; min-height: 15.0px\">&nbsp;<\/p>\n<p style=\"margin: 0.0px 0.0px 0.0px 0.0px; font: 15.0px Times New Roman\"><span style=\"font: 12.0px Times New Roman\">&nbsp; &nbsp; <\/span>Ako stresov&eacute; vn&iacute;mam rozhodnutie p.ministra, aby od dne&scaron;n&eacute;ho d\u0148a v&scaron;etci policajti v slu\u017ebe nosili&nbsp; &bdquo;&scaron;korpi&oacute;ny&ldquo;. S&uacute;\u010dasne sa naria\u010fuj&uacute; pre dr\u017eite\u013eov zbran&iacute; psychotesty ka\u017ed&yacute;ch 5 rokov.&nbsp; Mysl&iacute;m, \u017ee aj policajti, mlad&iacute; i star&iacute;, mali najsk&ocirc;r prejs\u0165 psychotestami a a\u017e potom pr&iacute;padne dosta\u0165 nebezpe\u010dn&eacute; zbrane, lebo niektor&iacute; jednotlivci to nemusia zvl&aacute;dnu\u0165.<\/p>\n<p style=\"margin: 0.0px 0.0px 0.0px 0.0px; font: 12.0px Times New Roman; min-height: 15.0px\">&nbsp;<\/p>\n<p style=\"margin: 0.0px 0.0px 0.0px 0.0px; font: 15.0px Times New Roman\"><span style=\"font: 12.0px Times New Roman\">&nbsp;&nbsp; &nbsp; <\/span>Ot&aacute;zky s&uacute; r&ocirc;zne&nbsp; a je ich mnoho. Mo\u017eno pr&iacute;de aj na ot&aacute;zky teologick&eacute;. Niektor&iacute; jednotlitvci si aj dnes tak&eacute; klad&uacute;&#8230; V&auml;\u010d&scaron;ina&nbsp; s uspokojen&iacute;m vn&iacute;ma&nbsp; de\u0148 &scaron;t&aacute;tneho sm&uacute;tku za &bdquo;nevinn&eacute; obete&ldquo;. Je to ve\u013emi o\u010dis\u0165uj&uacute;ce: Obete boli nevinn&eacute;, strelec bol &bdquo;&scaron;ialen&yacute;&ldquo; masov&yacute; vrah a je&nbsp; zlikvidovan&yacute; my ostatn&iacute; sme \u013eudia v podstate&nbsp; &bdquo;dobr&iacute;&ldquo; &#8230;\u010c&iacute;m viac zabit&yacute;ch a zranen&yacute;ch po tom &quot;&scaron;ialencovi&quot; zostalo, t&yacute;m sme my v porovnan&iacute; s n&iacute;m \u010distej&scaron;&iacute;. Lebo &bdquo;<b>\u013eudia s&uacute; v podstate dobr&iacute;<\/b>&ldquo; a to sa op&auml;\u0165 dokazuje. Bo\u017eiu milos\u0165 nikto h\u013eada\u0165 nemus&iacute;.(!?)&nbsp;<b>To len &quot;niektor&iacute; jednotlivci&quot;<\/b> (ako to svojho&nbsp; \u010dasu povedal protagonista slov.humoru)<b> s&uacute; zl&iacute; a hrie&scaron;ni..<\/b>.<\/p>\n<div>&nbsp;<\/div>\n","protected":false},"excerpt":{"rendered":"<p>&nbsp;&nbsp;&nbsp; &nbsp; &nbsp; &nbsp; &nbsp; &nbsp; &nbsp; &nbsp; &nbsp; &nbsp; &nbsp; &nbsp; &nbsp; &nbsp; &nbsp; &nbsp; &nbsp; &nbsp; &nbsp; &nbsp; &nbsp; &nbsp; &nbsp; &nbsp;&nbsp;Niektor&iacute; jednotlivci&#8230; &nbsp; &nbsp;&nbsp; &nbsp; Udalos\u0165 z 30.8.2010 v Dev&iacute;nskej Novej Vsi nastolila mnoho r&ocirc;znych ot&aacute;zok i dohadov a znova uk&aacute;zala, \u017ee &bdquo;niektor&iacute; jednotlivci&ldquo;&#8230;&nbsp; &nbsp;&nbsp; &nbsp; Ot&aacute;zky, ktor&eacute; zauj&iacute;mali od prvej chv&iacute;le &#8230; <a title=\"Niektor\u00ed jednotlivci\" class=\"read-more\" href=\"https:\/\/www.e-anjelik.sk\/index.php\/2010\/09\/02\/niektori-jednotlivci\/\" aria-label=\"Pre\u010d\u00edtajte si viac o Niektor\u00ed jednotlivci\">\u010c\u00edta\u0165 viac<\/a><\/p>\n","protected":false},"author":4,"featured_media":0,"comment_status":"open","ping_status":"open","sticky":false,"template":"","format":"standard","meta":{"footnotes":""},"categories":[1],"tags":[],"class_list":["post-3000","post","type-post","status-publish","format-standard","hentry","category-adventna-modlitba"],"_links":{"self":[{"href":"https:\/\/www.e-anjelik.sk\/index.php\/wp-json\/wp\/v2\/posts\/3000","targetHints":{"allow":["GET"]}}],"collection":[{"href":"https:\/\/www.e-anjelik.sk\/index.php\/wp-json\/wp\/v2\/posts"}],"about":[{"href":"https:\/\/www.e-anjelik.sk\/index.php\/wp-json\/wp\/v2\/types\/post"}],"author":[{"embeddable":true,"href":"https:\/\/www.e-anjelik.sk\/index.php\/wp-json\/wp\/v2\/users\/4"}],"replies":[{"embeddable":true,"href":"https:\/\/www.e-anjelik.sk\/index.php\/wp-json\/wp\/v2\/comments?post=3000"}],"version-history":[{"count":0,"href":"https:\/\/www.e-anjelik.sk\/index.php\/wp-json\/wp\/v2\/posts\/3000\/revisions"}],"wp:attachment":[{"href":"https:\/\/www.e-anjelik.sk\/index.php\/wp-json\/wp\/v2\/media?parent=3000"}],"wp:term":[{"taxonomy":"category","embeddable":true,"href":"https:\/\/www.e-anjelik.sk\/index.php\/wp-json\/wp\/v2\/categories?post=3000"},{"taxonomy":"post_tag","embeddable":true,"href":"https:\/\/www.e-anjelik.sk\/index.php\/wp-json\/wp\/v2\/tags?post=3000"}],"curies":[{"name":"wp","href":"https:\/\/api.w.org\/{rel}","templated":true}]}}