{"id":30028,"date":"2016-03-14T10:16:19","date_gmt":"2016-03-14T08:16:19","guid":{"rendered":"http:\/\/www.evanjelik.sk\/?p=30028"},"modified":"2016-03-14T10:16:19","modified_gmt":"2016-03-14T08:16:19","slug":"stanovisko-predsednictva-ecav-na-slovensku-k-volbam-2016","status":"publish","type":"post","link":"https:\/\/www.e-anjelik.sk\/index.php\/2016\/03\/14\/stanovisko-predsednictva-ecav-na-slovensku-k-volbam-2016\/","title":{"rendered":"Stanovisko Predsedn\u00edctva ECAV na Slovensku k vo\u013eb\u00e1m 2016"},"content":{"rendered":"<h2 class=\"heading\"><img decoding=\"async\" class=\"image_big alignleft\" src=\"http:\/\/www.ecav.sk\/pictures\/text_images\/data_7016_big.jpg\" alt=\"\" \/><\/h2>\n<p>Slovo Bo\u017eie a Symbolick\u00e9 knihy ECAV n\u00e1s u\u010dia, \u017ee kres\u0165ania maj\u00fa ma\u0165 v \u00facte svetsk\u00fa vrchnos\u0165. V\u00fdsledok parlamentn\u00fdch volieb 2016 v\u0161ak vyvol\u00e1va aj zna\u010dn\u00e9 znepokojenie.<\/p>\n<p>O\u010dak\u00e1vame, \u017ee vrchnos\u0165, ktor\u00e1 vz\u00edde z t\u00fdchto volieb, sa nebude protivi\u0165 Bo\u017eiemu slovu a \u017ee bude hum\u00e1nna. Tak, ako sme sa u\u017e nieko\u013ekokr\u00e1t vyjadrili, cirkev a kres\u0165an maj\u00fa kriticky vn\u00edma\u0165 a kon\u0161trukt\u00edvne reagova\u0165 na v\u0161etko, \u010do je vo svetskej sf\u00e9re v rozpore s kres\u0165ansk\u00fdm u\u010den\u00edm, teda aj prejavy rasizmu, etnick\u00e1 \u010di triedna nen\u00e1vis\u0165 alebo popieranie holokaustu.<\/p>\n<p>D\u00fafame, \u017ee nov\u00e1 vl\u00e1da bude ma\u0165 priority v t\u00fdch oblastiach, ktor\u00e9 ob\u010danov najviac tr\u00e1pia, \u017ee jej program bude soci\u00e1lne siln\u00fd, ekonomicky rozumn\u00fd a antikorup\u010dn\u00fd. Program, ktor\u00fd rozvia\u017ee ruky schopn\u00fdm, a z\u00e1rove\u0148 \u010destn\u00fdm, d\u00e1 n\u00e1dej dlhodobo nezamestnan\u00fdm, dok\u00e1\u017ee adresne a \u00fa\u010dinne pom\u00f4c\u0165 odk\u00e1zan\u00fdm, program, ktor\u00fd bude rie\u0161i\u0165 dlhodobo nevyrie\u0161en\u00e9 probl\u00e9my v na\u0161ej spolo\u010dnosti, ktor\u00fd bude podporova\u0165 rozvoj vzdel\u00e1vania i upev\u0148ovania kres\u0165ansk\u00fdch mor\u00e1lnych hodn\u00f4t.<\/p>\n<p>Dejiny 20. storo\u010dia s\u00fa praktickou uk\u00e1\u017ekou toho, \u017ee totalitn\u00e9 praktiky pri rie\u0161en\u00ed spolo\u010denskej nerovnov\u00e1hy nie s\u00fa cestou do bud\u00facnosti. Pou\u010dme sa a neurobme t\u00fato chybu op\u00e4\u0165. V \u010doraz viac previazanom svete by aj n\u00e1sledky na\u0161ich ch\u00fdb boli glob\u00e1lne.<\/p>\n<p>Modlime sa za vrchnos\u0165, ktor\u00e1 vzi\u0161la z t\u00fdchto volieb, a prosme P\u00e1na Boha o m\u00fadros\u0165 zhora pre \u0148u. Modlime sa aj za v\u0161etk\u00fdch ob\u010danov na\u0161ej vlasti a modlime sa za cel\u00e9 \u013eudstvo, aby Boh l\u00e1skavo vzhliadol na dielo svojich r\u00fak a vlial do s\u0155dc viacej l\u00e1sky a poslu\u0161nosti Jeho sv\u00e4tej v\u00f4li.<\/p>\n<p>Milo\u0161 Kl\u00e1tik, gener\u00e1lny biskup ECAV na Slovensku<br \/>\nImrich Luk\u00e1\u010d, gener\u00e1lny dozorca ECAV na Slovensku<\/p>\n<p>&nbsp;<\/p>\n<p>Zdroj:<\/p>\n<p>http:\/\/www.ecav.sk\/?p=Aktual\/AktualStanov\/stanovisko_predsednictva_ecav_na_slovensku_k_volbam_2016<\/p>\n","protected":false},"excerpt":{"rendered":"<p>Slovo Bo\u017eie a Symbolick\u00e9 knihy ECAV n\u00e1s u\u010dia, \u017ee kres\u0165ania maj\u00fa ma\u0165 v \u00facte svetsk\u00fa vrchnos\u0165. V\u00fdsledok parlamentn\u00fdch volieb 2016 v\u0161ak vyvol\u00e1va aj zna\u010dn\u00e9 znepokojenie. O\u010dak\u00e1vame, \u017ee vrchnos\u0165, ktor\u00e1 vz\u00edde z t\u00fdchto volieb, sa nebude protivi\u0165 Bo\u017eiemu slovu a \u017ee bude hum\u00e1nna. Tak, ako sme sa u\u017e nieko\u013ekokr\u00e1t vyjadrili, cirkev a kres\u0165an maj\u00fa kriticky vn\u00edma\u0165 &#8230; <a title=\"Stanovisko Predsedn\u00edctva ECAV na Slovensku k vo\u013eb\u00e1m 2016\" class=\"read-more\" href=\"https:\/\/www.e-anjelik.sk\/index.php\/2016\/03\/14\/stanovisko-predsednictva-ecav-na-slovensku-k-volbam-2016\/\" aria-label=\"Pre\u010d\u00edtajte si viac o Stanovisko Predsedn\u00edctva ECAV na Slovensku k vo\u013eb\u00e1m 2016\">\u010c\u00edta\u0165 viac<\/a><\/p>\n","protected":false},"author":5,"featured_media":0,"comment_status":"open","ping_status":"closed","sticky":false,"template":"","format":"standard","meta":{"footnotes":""},"categories":[67,68],"tags":[],"class_list":["post-30028","post","type-post","status-publish","format-standard","hentry","category-vychodny-distrikt","category-zapadny-distrikt"],"_links":{"self":[{"href":"https:\/\/www.e-anjelik.sk\/index.php\/wp-json\/wp\/v2\/posts\/30028","targetHints":{"allow":["GET"]}}],"collection":[{"href":"https:\/\/www.e-anjelik.sk\/index.php\/wp-json\/wp\/v2\/posts"}],"about":[{"href":"https:\/\/www.e-anjelik.sk\/index.php\/wp-json\/wp\/v2\/types\/post"}],"author":[{"embeddable":true,"href":"https:\/\/www.e-anjelik.sk\/index.php\/wp-json\/wp\/v2\/users\/5"}],"replies":[{"embeddable":true,"href":"https:\/\/www.e-anjelik.sk\/index.php\/wp-json\/wp\/v2\/comments?post=30028"}],"version-history":[{"count":0,"href":"https:\/\/www.e-anjelik.sk\/index.php\/wp-json\/wp\/v2\/posts\/30028\/revisions"}],"wp:attachment":[{"href":"https:\/\/www.e-anjelik.sk\/index.php\/wp-json\/wp\/v2\/media?parent=30028"}],"wp:term":[{"taxonomy":"category","embeddable":true,"href":"https:\/\/www.e-anjelik.sk\/index.php\/wp-json\/wp\/v2\/categories?post=30028"},{"taxonomy":"post_tag","embeddable":true,"href":"https:\/\/www.e-anjelik.sk\/index.php\/wp-json\/wp\/v2\/tags?post=30028"}],"curies":[{"name":"wp","href":"https:\/\/api.w.org\/{rel}","templated":true}]}}