{"id":30031,"date":"2016-03-15T11:47:47","date_gmt":"2016-03-15T09:47:47","guid":{"rendered":"http:\/\/www.evanjelik.sk\/?p=30031"},"modified":"2016-03-15T11:47:47","modified_gmt":"2016-03-15T09:47:47","slug":"rainer-stahl-odchadza-z-funkcie-generalneho-tajomnika-spolku-martina-luthera","status":"publish","type":"post","link":"https:\/\/www.e-anjelik.sk\/index.php\/2016\/03\/15\/rainer-stahl-odchadza-z-funkcie-generalneho-tajomnika-spolku-martina-luthera\/","title":{"rendered":"Rainer Stahl odch\u00e1dza z funkcie gener\u00e1lneho tajomn\u00edka Spolku Martina Luthera"},"content":{"rendered":"<p>11. marca 2016 sa v Neust\u00e4dter Kirche v Erlangene konali slu\u017eby Bo\u017eie, na ktor\u00fdch bola rozl\u00fa\u010dka s odch\u00e1dzaj\u00facim do d\u00f4chodku \u00a0gen. tajomn\u00edkom Spolku M. Luthera v Erlangene R. Stahlom. Funkciu zast\u00e1val 18 rokov. Na bohoslu\u017eb\u00e1ch boli hostia z\u00a0 evanjelick\u00fdch cirkv\u00ed, ktor\u00fdm Spolok najviac pom\u00e1ha: \u010ceska, Slovenska, Po\u013eska, Litvy, Est\u00f3nska, Ma\u010farska, Slovinska, Rumunska, Rak\u00faska, Holandska a eur\u00f3pskej \u010dasti Ruska. Jeho n\u00e1stupca, Michael Huebner, far\u00e1r z Hannoveru, nast\u00fapi do \u00faradu 1. apr\u00edla t.r.<\/p>\n<p>(www.martin-luther-bund.de)<\/p>\n","protected":false},"excerpt":{"rendered":"<p>11. marca 2016 sa v Neust\u00e4dter Kirche v Erlangene konali slu\u017eby Bo\u017eie, na ktor\u00fdch bola rozl\u00fa\u010dka s odch\u00e1dzaj\u00facim do d\u00f4chodku \u00a0gen. tajomn\u00edkom Spolku M. Luthera v Erlangene R. Stahlom. Funkciu zast\u00e1val 18 rokov. Na bohoslu\u017eb\u00e1ch boli hostia z\u00a0 evanjelick\u00fdch cirkv\u00ed, ktor\u00fdm Spolok najviac pom\u00e1ha: \u010ceska, Slovenska, Po\u013eska, Litvy, Est\u00f3nska, Ma\u010farska, Slovinska, Rumunska, Rak\u00faska, Holandska a &#8230; <a title=\"Rainer Stahl odch\u00e1dza z funkcie gener\u00e1lneho tajomn\u00edka Spolku Martina Luthera\" class=\"read-more\" href=\"https:\/\/www.e-anjelik.sk\/index.php\/2016\/03\/15\/rainer-stahl-odchadza-z-funkcie-generalneho-tajomnika-spolku-martina-luthera\/\" aria-label=\"Pre\u010d\u00edtajte si viac o Rainer Stahl odch\u00e1dza z funkcie gener\u00e1lneho tajomn\u00edka Spolku Martina Luthera\">\u010c\u00edta\u0165 viac<\/a><\/p>\n","protected":false},"author":2,"featured_media":0,"comment_status":"open","ping_status":"closed","sticky":false,"template":"","format":"standard","meta":{"footnotes":""},"categories":[61,14],"tags":[],"class_list":["post-30031","post","type-post","status-publish","format-standard","hentry","category-mlb","category-osobnosti"],"_links":{"self":[{"href":"https:\/\/www.e-anjelik.sk\/index.php\/wp-json\/wp\/v2\/posts\/30031","targetHints":{"allow":["GET"]}}],"collection":[{"href":"https:\/\/www.e-anjelik.sk\/index.php\/wp-json\/wp\/v2\/posts"}],"about":[{"href":"https:\/\/www.e-anjelik.sk\/index.php\/wp-json\/wp\/v2\/types\/post"}],"author":[{"embeddable":true,"href":"https:\/\/www.e-anjelik.sk\/index.php\/wp-json\/wp\/v2\/users\/2"}],"replies":[{"embeddable":true,"href":"https:\/\/www.e-anjelik.sk\/index.php\/wp-json\/wp\/v2\/comments?post=30031"}],"version-history":[{"count":0,"href":"https:\/\/www.e-anjelik.sk\/index.php\/wp-json\/wp\/v2\/posts\/30031\/revisions"}],"wp:attachment":[{"href":"https:\/\/www.e-anjelik.sk\/index.php\/wp-json\/wp\/v2\/media?parent=30031"}],"wp:term":[{"taxonomy":"category","embeddable":true,"href":"https:\/\/www.e-anjelik.sk\/index.php\/wp-json\/wp\/v2\/categories?post=30031"},{"taxonomy":"post_tag","embeddable":true,"href":"https:\/\/www.e-anjelik.sk\/index.php\/wp-json\/wp\/v2\/tags?post=30031"}],"curies":[{"name":"wp","href":"https:\/\/api.w.org\/{rel}","templated":true}]}}