{"id":30060,"date":"2016-03-18T23:13:08","date_gmt":"2016-03-18T21:13:08","guid":{"rendered":"http:\/\/www.evanjelik.sk\/?p=30060"},"modified":"2021-04-02T17:20:29","modified_gmt":"2021-04-02T15:20:29","slug":"vajansky-nedela-kvetna","status":"publish","type":"post","link":"https:\/\/www.e-anjelik.sk\/index.php\/2016\/03\/18\/vajansky-nedela-kvetna\/","title":{"rendered":"Vajansk\u00fd: Nede\u013ea Kvetn\u00e1"},"content":{"rendered":"<p>Svetoz\u00e1r Hurban Vajansk\u00fd: NEDE\u013dA KVETN\u00c1<\/p>\n<p>Plesajte rados\u0165ou, n\u00e1rody,<\/p>\n<p>Spasite\u013e sveta sa bl\u00ed\u017ei,<\/p>\n<p>je i v triumfe ten sam\u00fd,<\/p>\n<p>ako na drevenom kr\u00ed\u017ei.<\/p>\n<p>&nbsp;<\/p>\n<p>Metajte sviato\u010dn\u00e9 odevy,<\/p>\n<p>pokryte&nbsp; \u0161arl\u00e1tom cestu,<\/p>\n<p>berie sa v pokore k Sionu,<\/p>\n<p>ako ku Golgaty miestu.<\/p>\n<p>&nbsp;<\/p>\n<p>Metajte ratoles\u0165 olivy,<\/p>\n<p>kr\u00e1\u013eovsk\u00fa dajte \u010des\u0165 jemu;<\/p>\n<p>v purpure ostane ten sam\u00fd,<\/p>\n<p>ako v jasliach Betlehemu.<\/p>\n<p>&nbsp;<\/p>\n<p>V\u00ed\u0165az on mohutn\u00fd pokorou,<\/p>\n<p>Boh, sp\u00e1sa s nebies n\u00e1m dan\u00e1.<\/p>\n<p>Zopnite, de\u0165u\u0161ky, ru\u010denky,<\/p>\n<p>volajte \u201c\u00f3 Hosiana!\u201d<\/p>\n","protected":false},"excerpt":{"rendered":"<p>Svetoz\u00e1r Hurban Vajansk\u00fd: NEDE\u013dA KVETN\u00c1 Plesajte rados\u0165ou, n\u00e1rody, Spasite\u013e sveta sa bl\u00ed\u017ei, je i v triumfe ten sam\u00fd, ako na drevenom kr\u00ed\u017ei. &nbsp; Metajte sviato\u010dn\u00e9 odevy, pokryte&nbsp; \u0161arl\u00e1tom cestu, berie sa v pokore k Sionu, ako ku Golgaty miestu. &nbsp; Metajte ratoles\u0165 olivy, kr\u00e1\u013eovsk\u00fa dajte \u010des\u0165 jemu; v purpure ostane ten sam\u00fd, ako v jasliach &#8230; <a title=\"Vajansk\u00fd: Nede\u013ea Kvetn\u00e1\" class=\"read-more\" href=\"https:\/\/www.e-anjelik.sk\/index.php\/2016\/03\/18\/vajansky-nedela-kvetna\/\" aria-label=\"Pre\u010d\u00edtajte si viac o Vajansk\u00fd: Nede\u013ea Kvetn\u00e1\">\u010c\u00edta\u0165 viac<\/a><\/p>\n","protected":false},"author":4,"featured_media":0,"comment_status":"open","ping_status":"closed","sticky":false,"template":"","format":"standard","meta":{"footnotes":""},"categories":[1,539,53],"tags":[],"class_list":["post-30060","post","type-post","status-publish","format-standard","hentry","category-adventna-modlitba","category-kvetna-nedela-palmarum","category-post"],"_links":{"self":[{"href":"https:\/\/www.e-anjelik.sk\/index.php\/wp-json\/wp\/v2\/posts\/30060","targetHints":{"allow":["GET"]}}],"collection":[{"href":"https:\/\/www.e-anjelik.sk\/index.php\/wp-json\/wp\/v2\/posts"}],"about":[{"href":"https:\/\/www.e-anjelik.sk\/index.php\/wp-json\/wp\/v2\/types\/post"}],"author":[{"embeddable":true,"href":"https:\/\/www.e-anjelik.sk\/index.php\/wp-json\/wp\/v2\/users\/4"}],"replies":[{"embeddable":true,"href":"https:\/\/www.e-anjelik.sk\/index.php\/wp-json\/wp\/v2\/comments?post=30060"}],"version-history":[{"count":1,"href":"https:\/\/www.e-anjelik.sk\/index.php\/wp-json\/wp\/v2\/posts\/30060\/revisions"}],"predecessor-version":[{"id":34547,"href":"https:\/\/www.e-anjelik.sk\/index.php\/wp-json\/wp\/v2\/posts\/30060\/revisions\/34547"}],"wp:attachment":[{"href":"https:\/\/www.e-anjelik.sk\/index.php\/wp-json\/wp\/v2\/media?parent=30060"}],"wp:term":[{"taxonomy":"category","embeddable":true,"href":"https:\/\/www.e-anjelik.sk\/index.php\/wp-json\/wp\/v2\/categories?post=30060"},{"taxonomy":"post_tag","embeddable":true,"href":"https:\/\/www.e-anjelik.sk\/index.php\/wp-json\/wp\/v2\/tags?post=30060"}],"curies":[{"name":"wp","href":"https:\/\/api.w.org\/{rel}","templated":true}]}}