{"id":30073,"date":"2016-03-23T03:30:53","date_gmt":"2016-03-23T01:30:53","guid":{"rendered":"http:\/\/www.evanjelik.sk\/?p=30073"},"modified":"2016-03-23T03:30:53","modified_gmt":"2016-03-23T01:30:53","slug":"evanjelizacia-pro-christ-2016","status":"publish","type":"post","link":"https:\/\/www.e-anjelik.sk\/index.php\/2016\/03\/23\/evanjelizacia-pro-christ-2016\/","title":{"rendered":"Evanjeliz\u00e1cia Pro Christ 2016"},"content":{"rendered":"<p>Ve dnech 10. -14. dubna 2016 se V \u010cesk\u00e9 republice a na Slovensku uskute\u010dn\u00ed p\u011bt evangeliza\u010dn\u00edch ve\u010der\u016f proChrist, b\u011bhem kter\u00fdch bude jasn\u011b, z\u0159eteln\u011b a pro dne\u0161n\u00edho \u010dlov\u011bka srozumiteln\u011b sd\u011blov\u00e1na zv\u011bst evangelia.<\/p>\n<p><!--<\/div>\n\n\n--> <!-- Item fulltext --><\/p>\n<div class=\"itemFullText\">\n<p>Leto\u0161n\u00edm t\u00e9matem evangeliza\u010dn\u00edch setk\u00e1n\u00ed je motto <em>L\u00e1ska bez konce<\/em>. K\u00e1zat a sd\u011blovat poselstv\u00ed budou k\u0159es\u0165an\u00e9 ze Slovenska i z \u010cesk\u00e9 republiky, mj. far\u00e1\u0159<strong> Ivan E\u013eko<\/strong> z Nitry, \u0159editel Slovensk\u00e9ho evangeliza\u010dn\u00edho st\u0159ediska <strong>Slavom\u00edr Slav\u00edk<\/strong>, far\u00e1\u0159 <strong>\u013dubom\u00edr \u010eura\u010dka<\/strong> z Nov\u00e9ho M\u011bsta nad V\u00e1hom a far\u00e1\u0159 <strong>Mari\u00e1n Ka\u0148uch<\/strong> ze \u017diliny. Za Slezskou c\u00edrkev evangelickou a. v. pronese zv\u011bst Bo\u017e\u00edho slova diakon <strong><a href=\"http:\/\/www.sceav.cz\/index.php\/pastori?pid=64&amp;sid=146\"><span style=\"color: #2278af;\">Boleslav Taska<\/span><\/a><\/strong>, programu se z\u00fa\u010dastn\u00ed tak\u00e9 dv\u011b slezsk\u00e9 hudebn\u00ed skupiny.<br \/>\nP\u0159enos evangelizace bude zaji\u0161\u0165ov\u00e1n ze slovensk\u00e9ho Ru\u017eomberoku on-line. Prost\u0159ednictv\u00edm internetov\u00fdch str\u00e1nek <a href=\"http:\/\/www.prochrist.cz\/\" rel=\"alternate\"><span style=\"color: #2278af;\">www.prochrist.cz<\/span><\/a>&nbsp;se m\u016f\u017eete evangelizace z\u00fa\u010dastnit ve sv\u00fdch sborech nebo domovech. Sta\u010d\u00ed se p\u0159ihl\u00e1sit, a pak sledovat evangelizaci v p\u0159\u00edm\u00e9m p\u0159enosu nebo sta\u017een\u00edm evangelizace z archivu.<br \/>\nProChrist je n\u011bmeck\u00e1 mezidenomina\u010dn\u00ed organizace, kter\u00e1 nab\u00edz\u00ed farnostem, sbor\u016fm a k\u0159es\u0165ansk\u00fdm skupink\u00e1m mo\u017enost oslovit evangeliem nev\u011b\u0159\u00edc\u00ed anebo hledaj\u00edc\u00ed p\u0159\u00e1tele, sousedy, p\u0159\u00edbuzn\u00e9 a zn\u00e1m\u00e9.<br \/>\nEvangeliza\u010dn\u00ed ve\u010dery v \u010cesk\u00e9 republice a na Slovensku p\u0159ipravuje mezidenomina\u010dn\u00ed v\u00fdbor proChrist z \u010cesk\u00e9 republiky a takt\u00e9\u017e slovensk\u00fd mezidenomina\u010dn\u00ed v\u00fdbor proChrist. Podstatn\u00fd pod\u00edl na organizaci evangelizace m\u00e1 Evangelick\u00e1 c\u00edrkev a. v. na Slovensku a Slezsk\u00e1 c\u00edrkev evangelick\u00e1 a. v.<br \/>\nPodrobn\u00e9 informace o akci najdete na <a href=\"http:\/\/www.prochrist.cz\/\" rel=\"alternate\"><span style=\"color: #2278af;\">www.prochrist.cz<\/span><\/a>&nbsp;nebo <a href=\"http:\/\/www.prochrist.evs.sk\/index.php\" rel=\"alternate\"><span style=\"color: #2278af;\">www.prochrist.sk<\/span><\/a><\/p>\n<p>(www.sceav.cz)<\/p>\n<\/div>\n","protected":false},"excerpt":{"rendered":"<p>Ve dnech 10. -14. dubna 2016 se V \u010cesk\u00e9 republice a na Slovensku uskute\u010dn\u00ed p\u011bt evangeliza\u010dn\u00edch ve\u010der\u016f proChrist, b\u011bhem kter\u00fdch bude jasn\u011b, z\u0159eteln\u011b a pro dne\u0161n\u00edho \u010dlov\u011bka srozumiteln\u011b sd\u011blov\u00e1na zv\u011bst evangelia. Leto\u0161n\u00edm t\u00e9matem evangeliza\u010dn\u00edch setk\u00e1n\u00ed je motto L\u00e1ska bez konce. K\u00e1zat a sd\u011blovat poselstv\u00ed budou k\u0159es\u0165an\u00e9 ze Slovenska i z \u010cesk\u00e9 republiky, mj. far\u00e1\u0159 Ivan &#8230; <a title=\"Evanjeliz\u00e1cia Pro Christ 2016\" class=\"read-more\" href=\"https:\/\/www.e-anjelik.sk\/index.php\/2016\/03\/23\/evanjelizacia-pro-christ-2016\/\" aria-label=\"Pre\u010d\u00edtajte si viac o Evanjeliz\u00e1cia Pro Christ 2016\">\u010c\u00edta\u0165 viac<\/a><\/p>\n","protected":false},"author":2,"featured_media":0,"comment_status":"open","ping_status":"closed","sticky":false,"template":"","format":"standard","meta":{"footnotes":""},"categories":[4,73,74,60,75,62],"tags":[],"class_list":["post-30073","post","type-post","status-publish","format-standard","hentry","category-akcie","category-ecav","category-evanjelizacia-pro-christ","category-misia","category-online-prenos","category-sceav"],"_links":{"self":[{"href":"https:\/\/www.e-anjelik.sk\/index.php\/wp-json\/wp\/v2\/posts\/30073","targetHints":{"allow":["GET"]}}],"collection":[{"href":"https:\/\/www.e-anjelik.sk\/index.php\/wp-json\/wp\/v2\/posts"}],"about":[{"href":"https:\/\/www.e-anjelik.sk\/index.php\/wp-json\/wp\/v2\/types\/post"}],"author":[{"embeddable":true,"href":"https:\/\/www.e-anjelik.sk\/index.php\/wp-json\/wp\/v2\/users\/2"}],"replies":[{"embeddable":true,"href":"https:\/\/www.e-anjelik.sk\/index.php\/wp-json\/wp\/v2\/comments?post=30073"}],"version-history":[{"count":0,"href":"https:\/\/www.e-anjelik.sk\/index.php\/wp-json\/wp\/v2\/posts\/30073\/revisions"}],"wp:attachment":[{"href":"https:\/\/www.e-anjelik.sk\/index.php\/wp-json\/wp\/v2\/media?parent=30073"}],"wp:term":[{"taxonomy":"category","embeddable":true,"href":"https:\/\/www.e-anjelik.sk\/index.php\/wp-json\/wp\/v2\/categories?post=30073"},{"taxonomy":"post_tag","embeddable":true,"href":"https:\/\/www.e-anjelik.sk\/index.php\/wp-json\/wp\/v2\/tags?post=30073"}],"curies":[{"name":"wp","href":"https:\/\/api.w.org\/{rel}","templated":true}]}}