{"id":30079,"date":"2016-03-24T12:46:27","date_gmt":"2016-03-24T10:46:27","guid":{"rendered":"http:\/\/www.evanjelik.sk\/?p=30079"},"modified":"2025-09-13T08:50:28","modified_gmt":"2025-09-13T06:50:28","slug":"zeleny-stvrtok-4","status":"publish","type":"post","link":"https:\/\/www.e-anjelik.sk\/index.php\/2016\/03\/24\/zeleny-stvrtok-4\/","title":{"rendered":"ZELEN\u00dd \u0160TVRTOK"},"content":{"rendered":"\n<p><b>Zelen\u00fd \u0161tvrtok<\/b><\/p>\n\n\n\n<p>-za\u010diatok sl\u00e1venia vykupite\u013esk\u00e9ho \u010dinu v smrti a vzkriesen\u00ed P\u00e1na<\/p>\n\n\n\n<p>Prof.pastor\u00e1lky, liturgiky a homiletiky Adolf Adam v knihe Liturgick\u00fd rok (Historick\u00fd v\u00fdvoj a s\u00fa\u010dasn\u00e1 prax) k t\u00e9me: <i>Ve\u010dern\u00e1 sl\u00e1vnos\u0165 na Zelen\u00fd \u0161tvrtok &#8211; Pamiatka Ve\u010der P\u00e1novej uv\u00e1dza:<\/i><\/p>\n\n\n\n<p>\u201c\u017didovsko-antick\u00e1 predstava, \u017ee de\u0148 za\u010d\u00edna u\u017e v predve\u010derom, sa i na\u010falej uplat\u0148uje v liturgii, a to tak, \u017ee sa hlavn\u00e9 sviatky a nedele za\u010d\u00ednaj\u00fa liturgicky sl\u00e1vi\u0165 u\u017e ne\u0161pormi predch\u00e1dzaj\u00faceho d\u0148a. Preto nie je ni\u010d neobvykl\u00e9, \u017ee aj ve\u010der Zelen\u00e9ho \u0161tvrtku u\u017e patr\u00ed k prv\u00e9mu d\u0148u ve\u013ekono\u010dn\u00e9ho tridua, Ve\u013ek\u00e9mu Piatku.<\/p>\n\n\n\n<p>Je to opr\u00e1vnen\u00e9 aj obsahovo, a m\u00e1 to svoj zmysel, preto\u017ee v Je\u017ei\u0161ovej Poslednej ve\u010deri sa sviatostne predznamen\u00e1va Jeho vydanos\u0165 v obeti smrti na kr\u00ed\u017ei. Tie\u017e um\u00fdvanie n\u00f4h v tento ve\u010der je zjavn\u00fdm znamen\u00edm jeho sl\u00fa\u017eiacej a oddanej l\u00e1sky. Je\u017ei\u0161ovo utrpenie na Olivovej hore, zradenie jeho nepriate\u013eom a zatknutie v tento ve\u010der je tak vlastne za\u010diatkom jeho utrpenia.<\/p>\n\n\n\n<p>Latinsky sa tento de\u0148 menuje <i>\u201cFeria V in Cena Domini\u201d (tj.5.de\u0148 t\u00fd\u017ed\u0148a o VP), <\/i>alebo tie\u017e&nbsp;<i> \u201c5.de\u0148Sv\u00e4t\u00e9ho t\u00fd\u017ed\u0148a.<\/i><\/p>\n\n\n\n<p>Slovensk\u00fd n\u00e1zov n\u00e1zov <b>Zelen\u00fd \u0161tvrtok<\/b> je z nemeck\u00e9ho Gr\u00fandonnerstag, len \u013eudovou etymol\u00f3giou spojen\u00e9ho so zelenou farbou, lebo v skuto\u010dnosti sa s vysokou pravdepodobnos\u0165ou odvodzuje zo stredo-hornonemeck\u00e9ho slovesa, e\u0161te dodnes \u017eiv\u00e9ho v slov\u00e1ch <i>grienen<\/i>, \u010di <i>greinen<\/i>, pri\u010dom oboje znamen\u00e1 <b>plaka\u0165.<\/b><\/p>\n\n\n\n<p><b>&nbsp; &nbsp; <\/b>Zrejme to m\u00e1 vz\u0165ah k okolnosti, \u017ee cirkevn\u00e9 spolo\u010denstvo v tento de\u0148 niekedy znovu prij\u00edmalo veriacich ods\u00faden\u00fdch k cirkevn\u00e9mu pok\u00e1niu (naz\u00fdvan\u00e9 tie\u017e kaj\u00facnikmi a \u201cpla\u010d\u00facimi\u201d.)<\/p>\n\n\n\n<p>Liturgiu Zelen\u00e9ho \u0161tvrtku ur\u010duje predov\u0161etk\u00fdm spomienka na Je\u017ei\u0161ovu posledn\u00fa ve\u010deru (Paschu) a pri nej ustanoveven\u00fa eucharistiu.<\/p>\n\n\n\n<p>Na niektor\u00fdch miestach k p\u00f4stu pristupuje aj tzv. <i>\u201cp\u00f4st o\u010d\u00ed\u201d<\/i>&#8211; zahalenie kr\u00ed\u017ea a olt\u00e1rnych obrazov a <i>\u201cp\u00f4st u\u0161\u00ed\u201d<\/i>&#8211; um\u013aknutie organa a zvonov. Zvonenie \u010dasto nahr\u00e1dzal zvuk drevene\u00fdch klapa\u010diek, alebo rapk\u00e1\u010dov. Pod\u013ea niektor\u00fdch je to <i>len v cirkvi udr\u017eiavan\u00e1 spomienka na \u010das, ke\u010f sa zvony v cirkvi e\u0161te nepou\u017e\u00edvali.\u201d<\/i><\/p>\n","protected":false},"excerpt":{"rendered":"<p>Zelen\u00fd \u0161tvrtok -za\u010diatok sl\u00e1venia vykupite\u013esk\u00e9ho \u010dinu v smrti a vzkriesen\u00ed P\u00e1na Prof.pastor\u00e1lky, liturgiky a homiletiky Adolf Adam v knihe Liturgick\u00fd rok (Historick\u00fd v\u00fdvoj a s\u00fa\u010dasn\u00e1 prax) k t\u00e9me: Ve\u010dern\u00e1 sl\u00e1vnos\u0165 na Zelen\u00fd \u0161tvrtok &#8211; Pamiatka Ve\u010der P\u00e1novej uv\u00e1dza: \u201c\u017didovsko-antick\u00e1 predstava, \u017ee de\u0148 za\u010d\u00edna u\u017e v predve\u010derom, sa i na\u010falej uplat\u0148uje v liturgii, a to tak, &#8230; <a title=\"ZELEN\u00dd \u0160TVRTOK\" class=\"read-more\" href=\"https:\/\/www.e-anjelik.sk\/index.php\/2016\/03\/24\/zeleny-stvrtok-4\/\" aria-label=\"Pre\u010d\u00edtajte si viac o ZELEN\u00dd \u0160TVRTOK\">\u010c\u00edta\u0165 viac<\/a><\/p>\n","protected":false},"author":4,"featured_media":0,"comment_status":"open","ping_status":"closed","sticky":false,"template":"","format":"standard","meta":{"footnotes":""},"categories":[1,541],"tags":[],"class_list":["post-30079","post","type-post","status-publish","format-standard","hentry","category-adventna-modlitba","category-zeleny-stvrtok-post"],"_links":{"self":[{"href":"https:\/\/www.e-anjelik.sk\/index.php\/wp-json\/wp\/v2\/posts\/30079","targetHints":{"allow":["GET"]}}],"collection":[{"href":"https:\/\/www.e-anjelik.sk\/index.php\/wp-json\/wp\/v2\/posts"}],"about":[{"href":"https:\/\/www.e-anjelik.sk\/index.php\/wp-json\/wp\/v2\/types\/post"}],"author":[{"embeddable":true,"href":"https:\/\/www.e-anjelik.sk\/index.php\/wp-json\/wp\/v2\/users\/4"}],"replies":[{"embeddable":true,"href":"https:\/\/www.e-anjelik.sk\/index.php\/wp-json\/wp\/v2\/comments?post=30079"}],"version-history":[{"count":3,"href":"https:\/\/www.e-anjelik.sk\/index.php\/wp-json\/wp\/v2\/posts\/30079\/revisions"}],"predecessor-version":[{"id":38488,"href":"https:\/\/www.e-anjelik.sk\/index.php\/wp-json\/wp\/v2\/posts\/30079\/revisions\/38488"}],"wp:attachment":[{"href":"https:\/\/www.e-anjelik.sk\/index.php\/wp-json\/wp\/v2\/media?parent=30079"}],"wp:term":[{"taxonomy":"category","embeddable":true,"href":"https:\/\/www.e-anjelik.sk\/index.php\/wp-json\/wp\/v2\/categories?post=30079"},{"taxonomy":"post_tag","embeddable":true,"href":"https:\/\/www.e-anjelik.sk\/index.php\/wp-json\/wp\/v2\/tags?post=30079"}],"curies":[{"name":"wp","href":"https:\/\/api.w.org\/{rel}","templated":true}]}}