{"id":30095,"date":"2016-03-26T01:58:55","date_gmt":"2016-03-25T23:58:55","guid":{"rendered":"http:\/\/www.evanjelik.sk\/?p=30095"},"modified":"2025-09-13T09:47:02","modified_gmt":"2025-09-13T07:47:02","slug":"pozdrav-citatelom-a-navstevnikom-nasej-webovej-stranky","status":"publish","type":"post","link":"https:\/\/www.e-anjelik.sk\/index.php\/2016\/03\/26\/pozdrav-citatelom-a-navstevnikom-nasej-webovej-stranky\/","title":{"rendered":"Pozdrav \u010ditate\u013eom a n\u00e1v\u0161tevn\u00edkom na\u0161ej webovej str\u00e1nky"},"content":{"rendered":"\n<p>Mil\u00ed \u010ditatelia a n\u00e1v\u0161tevn\u00edci www.evanjelik.sk,<br> pri pr\u00edle\u017eitosti ve\u013ek\u00fdch sviatkov Vzkriesenia pozdravujeme V\u00e1s t\u00fdmito slovami: \u201e<em><strong>Nebojte sa! &#8230;Vstal, niet Ho tu. &#8222;<\/strong><\/em><br> <em><strong> Mk 16, 6<\/strong><\/em><br> \u201e<em><strong>Haleluja! Chv\u00e1ly znejte! Vzkriesen\u00e9ho oslavujte! Velebte P\u00e1na mocn\u00e9ho za v\u00ed\u0165azstvo sl\u00e1vne Jeho!&#8220;<\/strong>\u00a0 ES <\/em>131, 1.<\/p>\n\n\n\n<p>Po\u017eehnan\u00e9 a milostipln\u00e9 Ve\u013ekono\u010dn\u00e9 sviatky praj\u00fa redaktori evanjelika.<\/p>\n","protected":false},"excerpt":{"rendered":"<p>Mil\u00ed \u010ditatelia a n\u00e1v\u0161tevn\u00edci www.evanjelik.sk, pri pr\u00edle\u017eitosti ve\u013ek\u00fdch sviatkov Vzkriesenia pozdravujeme V\u00e1s t\u00fdmito slovami: \u201eNebojte sa! &#8230;Vstal, niet Ho tu. &#8222; Mk 16, 6 \u201eHaleluja! Chv\u00e1ly znejte! Vzkriesen\u00e9ho oslavujte! Velebte P\u00e1na mocn\u00e9ho za v\u00ed\u0165azstvo sl\u00e1vne Jeho!&#8220;\u00a0 ES 131, 1. Po\u017eehnan\u00e9 a milostipln\u00e9 Ve\u013ekono\u010dn\u00e9 sviatky praj\u00fa redaktori evanjelika.<\/p>\n","protected":false},"author":2,"featured_media":0,"comment_status":"open","ping_status":"closed","sticky":false,"template":"","format":"standard","meta":{"footnotes":""},"categories":[73,77],"tags":[],"class_list":["post-30095","post","type-post","status-publish","format-standard","hentry","category-ecav","category-velka-noc"],"_links":{"self":[{"href":"https:\/\/www.e-anjelik.sk\/index.php\/wp-json\/wp\/v2\/posts\/30095","targetHints":{"allow":["GET"]}}],"collection":[{"href":"https:\/\/www.e-anjelik.sk\/index.php\/wp-json\/wp\/v2\/posts"}],"about":[{"href":"https:\/\/www.e-anjelik.sk\/index.php\/wp-json\/wp\/v2\/types\/post"}],"author":[{"embeddable":true,"href":"https:\/\/www.e-anjelik.sk\/index.php\/wp-json\/wp\/v2\/users\/2"}],"replies":[{"embeddable":true,"href":"https:\/\/www.e-anjelik.sk\/index.php\/wp-json\/wp\/v2\/comments?post=30095"}],"version-history":[{"count":1,"href":"https:\/\/www.e-anjelik.sk\/index.php\/wp-json\/wp\/v2\/posts\/30095\/revisions"}],"predecessor-version":[{"id":38508,"href":"https:\/\/www.e-anjelik.sk\/index.php\/wp-json\/wp\/v2\/posts\/30095\/revisions\/38508"}],"wp:attachment":[{"href":"https:\/\/www.e-anjelik.sk\/index.php\/wp-json\/wp\/v2\/media?parent=30095"}],"wp:term":[{"taxonomy":"category","embeddable":true,"href":"https:\/\/www.e-anjelik.sk\/index.php\/wp-json\/wp\/v2\/categories?post=30095"},{"taxonomy":"post_tag","embeddable":true,"href":"https:\/\/www.e-anjelik.sk\/index.php\/wp-json\/wp\/v2\/tags?post=30095"}],"curies":[{"name":"wp","href":"https:\/\/api.w.org\/{rel}","templated":true}]}}