{"id":3012,"date":"2010-09-08T09:33:46","date_gmt":"2010-09-08T09:33:46","guid":{"rendered":"http:\/\/e-anjelik.sk\/?p=3012"},"modified":"2010-09-08T09:33:46","modified_gmt":"2010-09-08T09:33:46","slug":"11-osob-by-chceli-byt-biskupomkou-v-dieceze-visby","status":"publish","type":"post","link":"https:\/\/www.e-anjelik.sk\/index.php\/2010\/09\/08\/11-osob-by-chceli-byt-biskupomkou-v-dieceze-visby\/","title":{"rendered":"11 os\u00f4b by chceli by\u0165 biskupom\/kou v diec\u00e9ze Visby"},"content":{"rendered":"<p>Bud&uacute;ci rok odch&aacute;dza biskup Visby Lennart Koskinen do penzie. Jeden\/na z jeden&aacute;stich os&ocirc;b m&ocirc;\u017ee by\u0165 jeho n&aacute;stupcom, &scaron;tyri \u017eeny a siedmi mu\u017ei s&uacute; kandid&aacute;tmi na vo\u013ebu biskupa. Nomina\u010dn&eacute; vo\u013eby sa bud&uacute; kona\u0165&nbsp;24. septembra t.r. Ten ,kto z&iacute;ska viacej ako 5% hlasov volite\u013eov, post&uacute;pi do&nbsp;prv&eacute;ho kola volieb, ktor&eacute;&nbsp;sa bude kona\u0165 30. novembra. Pred n&iacute;m kandid&aacute;ti podst&uacute;pia hearing &#8211; vypo\u010dutie,&nbsp;kde predstavia svoje pl&aacute;ny, ciele a &uacute;mysly pre vedenie diec&eacute;zy a duchovn&uacute; pr&aacute;cu. Ak v prvom kole \u017eiaden&nbsp;kandid&aacute;t nez&iacute;ska nadpolovi\u010dn&uacute; v&auml;\u010d&scaron;inu hlasov, do druh&eacute;ho kola post&uacute;pia prv&iacute;&nbsp;dvaja s najv&auml;\u010d&scaron;&iacute;m po\u010dtom hlasov.&nbsp;<\/p>\n<p>(<a href=\"http:\/\/www.dagen.se\">www.dagen.se<\/a>)<\/p>\n","protected":false},"excerpt":{"rendered":"<p>Bud&uacute;ci rok odch&aacute;dza biskup Visby Lennart Koskinen do penzie. Jeden\/na z jeden&aacute;stich os&ocirc;b m&ocirc;\u017ee by\u0165 jeho n&aacute;stupcom, &scaron;tyri \u017eeny a siedmi mu\u017ei s&uacute; kandid&aacute;tmi na vo\u013ebu biskupa. Nomina\u010dn&eacute; vo\u013eby sa bud&uacute; kona\u0165&nbsp;24. septembra t.r. Ten ,kto z&iacute;ska viacej ako 5% hlasov volite\u013eov, post&uacute;pi do&nbsp;prv&eacute;ho kola volieb, ktor&eacute;&nbsp;sa bude kona\u0165 30. novembra. Pred n&iacute;m kandid&aacute;ti podst&uacute;pia &#8230; <a title=\"11 os\u00f4b by chceli by\u0165 biskupom\/kou v diec\u00e9ze Visby\" class=\"read-more\" href=\"https:\/\/www.e-anjelik.sk\/index.php\/2010\/09\/08\/11-osob-by-chceli-byt-biskupomkou-v-dieceze-visby\/\" aria-label=\"Pre\u010d\u00edtajte si viac o 11 os\u00f4b by chceli by\u0165 biskupom\/kou v diec\u00e9ze Visby\">\u010c\u00edta\u0165 viac<\/a><\/p>\n","protected":false},"author":22,"featured_media":0,"comment_status":"open","ping_status":"open","sticky":false,"template":"","format":"standard","meta":{"footnotes":""},"categories":[42,10],"tags":[],"class_list":["post-3012","post","type-post","status-publish","format-standard","hentry","category-skandinavia","category-zo-sveta"],"_links":{"self":[{"href":"https:\/\/www.e-anjelik.sk\/index.php\/wp-json\/wp\/v2\/posts\/3012","targetHints":{"allow":["GET"]}}],"collection":[{"href":"https:\/\/www.e-anjelik.sk\/index.php\/wp-json\/wp\/v2\/posts"}],"about":[{"href":"https:\/\/www.e-anjelik.sk\/index.php\/wp-json\/wp\/v2\/types\/post"}],"author":[{"embeddable":true,"href":"https:\/\/www.e-anjelik.sk\/index.php\/wp-json\/wp\/v2\/users\/22"}],"replies":[{"embeddable":true,"href":"https:\/\/www.e-anjelik.sk\/index.php\/wp-json\/wp\/v2\/comments?post=3012"}],"version-history":[{"count":0,"href":"https:\/\/www.e-anjelik.sk\/index.php\/wp-json\/wp\/v2\/posts\/3012\/revisions"}],"wp:attachment":[{"href":"https:\/\/www.e-anjelik.sk\/index.php\/wp-json\/wp\/v2\/media?parent=3012"}],"wp:term":[{"taxonomy":"category","embeddable":true,"href":"https:\/\/www.e-anjelik.sk\/index.php\/wp-json\/wp\/v2\/categories?post=3012"},{"taxonomy":"post_tag","embeddable":true,"href":"https:\/\/www.e-anjelik.sk\/index.php\/wp-json\/wp\/v2\/tags?post=3012"}],"curies":[{"name":"wp","href":"https:\/\/api.w.org\/{rel}","templated":true}]}}