{"id":3013,"date":"2010-09-08T09:46:24","date_gmt":"2010-09-08T09:46:24","guid":{"rendered":"http:\/\/e-anjelik.sk\/?p=3013"},"modified":"2010-09-08T09:46:24","modified_gmt":"2010-09-08T09:46:24","slug":"otvorili-multifunkcny-dom-v-alsike","status":"publish","type":"post","link":"https:\/\/www.e-anjelik.sk\/index.php\/2010\/09\/08\/otvorili-multifunkcny-dom-v-alsike\/","title":{"rendered":"Otvorili multifunk\u010dn\u00fd dom v Alsike"},"content":{"rendered":"<p>V sobotu 4. septembra t.r. na predmest&iacute; Uppsaly v kom&uacute;ne Alsike, cirkevn&yacute; zbor Knivsta, dala &Scaron;v&eacute;dska cirkev do prev&aacute;dzky ve\u013ek&yacute; projekt za 300 mili&oacute;nov &scaron;v. kor&uacute;n &#8211; multifunk\u010dn&yacute; dom. Po slu\u017eb&aacute;ch Bo\u017e&iacute;ch na vo\u013enom priestranstve za &uacute;\u010dasti cca 300 \u013eud&iacute; arcibiskup Wejryd nov&uacute; budovu po\u017eehnal a pod\u013ea starej kres\u0165anskej trad&iacute;cie pokropil vodou, ktor&aacute; pod\u013ea jeho slov je odkazom na sv. krst a pr&iacute;tomnos\u0165 Hospodina. P&aacute;sku prestrihla &scaron;v&eacute;dska kr&aacute;\u013eovn&aacute; Silvia. Dom obsahuje &scaron;k&ocirc;lku, &scaron;kolu,konferen\u010dn&eacute; s&aacute;ly,&nbsp;n&aacute;jomn&eacute; byty, byty pre postihnut&yacute;ch -bezbari&eacute;rov&eacute;, kaviare\u0148 a telocvi\u010d\u0148u.<\/p>\n<p>(<a href=\"http:\/\/www.kyrkanstidning.com\">www.kyrkanstidning.com<\/a>)<\/p>\n","protected":false},"excerpt":{"rendered":"<p>V sobotu 4. septembra t.r. na predmest&iacute; Uppsaly v kom&uacute;ne Alsike, cirkevn&yacute; zbor Knivsta, dala &Scaron;v&eacute;dska cirkev do prev&aacute;dzky ve\u013ek&yacute; projekt za 300 mili&oacute;nov &scaron;v. kor&uacute;n &#8211; multifunk\u010dn&yacute; dom. Po slu\u017eb&aacute;ch Bo\u017e&iacute;ch na vo\u013enom priestranstve za &uacute;\u010dasti cca 300 \u013eud&iacute; arcibiskup Wejryd nov&uacute; budovu po\u017eehnal a pod\u013ea starej kres\u0165anskej trad&iacute;cie pokropil vodou, ktor&aacute; pod\u013ea jeho &#8230; <a title=\"Otvorili multifunk\u010dn\u00fd dom v Alsike\" class=\"read-more\" href=\"https:\/\/www.e-anjelik.sk\/index.php\/2010\/09\/08\/otvorili-multifunkcny-dom-v-alsike\/\" aria-label=\"Pre\u010d\u00edtajte si viac o Otvorili multifunk\u010dn\u00fd dom v Alsike\">\u010c\u00edta\u0165 viac<\/a><\/p>\n","protected":false},"author":22,"featured_media":0,"comment_status":"open","ping_status":"open","sticky":false,"template":"","format":"standard","meta":{"footnotes":""},"categories":[42,10],"tags":[],"class_list":["post-3013","post","type-post","status-publish","format-standard","hentry","category-skandinavia","category-zo-sveta"],"_links":{"self":[{"href":"https:\/\/www.e-anjelik.sk\/index.php\/wp-json\/wp\/v2\/posts\/3013","targetHints":{"allow":["GET"]}}],"collection":[{"href":"https:\/\/www.e-anjelik.sk\/index.php\/wp-json\/wp\/v2\/posts"}],"about":[{"href":"https:\/\/www.e-anjelik.sk\/index.php\/wp-json\/wp\/v2\/types\/post"}],"author":[{"embeddable":true,"href":"https:\/\/www.e-anjelik.sk\/index.php\/wp-json\/wp\/v2\/users\/22"}],"replies":[{"embeddable":true,"href":"https:\/\/www.e-anjelik.sk\/index.php\/wp-json\/wp\/v2\/comments?post=3013"}],"version-history":[{"count":0,"href":"https:\/\/www.e-anjelik.sk\/index.php\/wp-json\/wp\/v2\/posts\/3013\/revisions"}],"wp:attachment":[{"href":"https:\/\/www.e-anjelik.sk\/index.php\/wp-json\/wp\/v2\/media?parent=3013"}],"wp:term":[{"taxonomy":"category","embeddable":true,"href":"https:\/\/www.e-anjelik.sk\/index.php\/wp-json\/wp\/v2\/categories?post=3013"},{"taxonomy":"post_tag","embeddable":true,"href":"https:\/\/www.e-anjelik.sk\/index.php\/wp-json\/wp\/v2\/tags?post=3013"}],"curies":[{"name":"wp","href":"https:\/\/api.w.org\/{rel}","templated":true}]}}