{"id":3018,"date":"2010-09-11T21:00:07","date_gmt":"2010-09-11T21:00:07","guid":{"rendered":"http:\/\/e-anjelik.sk\/?p=3018"},"modified":"2010-09-11T21:00:07","modified_gmt":"2010-09-11T21:00:07","slug":"palenie-koranu","status":"publish","type":"post","link":"https:\/\/www.e-anjelik.sk\/index.php\/2010\/09\/11\/palenie-koranu\/","title":{"rendered":"P\u00e1lenie kor\u00e1nu"},"content":{"rendered":"<p>&nbsp;<span class=\"Apple-style-span\" style=\"font-family: 'Times New Roman'; line-height: normal; font-size: 15px; \">&nbsp;&nbsp; &nbsp; &nbsp; &nbsp; &nbsp; &nbsp; &nbsp; &nbsp; &nbsp; &nbsp; &nbsp; &nbsp; &nbsp; &nbsp; &nbsp; &nbsp; &nbsp; &nbsp; &nbsp; &nbsp; &nbsp; &nbsp; &nbsp; &nbsp; &nbsp; &nbsp;<b>P&aacute;lenie kor&aacute;nu<\/b><\/span><\/p>\n<p style=\"margin: 0.0px 0.0px 0.0px 0.0px; font: 12.0px Times New Roman; min-height: 15.0px\">&nbsp;<\/p>\n<p style=\"margin: 0.0px 0.0px 0.0px 0.0px; font: 15.0px Times New Roman\"><span style=\"font: 12.0px Times New Roman\">&nbsp;<\/span>sa nakoniec d\u0148a <b>11.septembra <\/b>v USA nekonalo. Baptistick&yacute; pastor, ktor&eacute;ho&nbsp;meno nie je d&ocirc;le\u017eit&eacute;, svoje rozhodnutie napokon odvolal. Iste k tomu prispel najm&auml; ofici&aacute;lny tlak zo strany samotn&eacute;ho prezidenta B.Obamu a jeho administrat&iacute;vy. Napriek tomu sa konaj&uacute; v moslimskom svete ve\u013ek&eacute; protesty. Nemo\u017eno vyl&uacute;\u010di\u0165, \u017ee za tento n&aacute;pad naozaj zaplatia \u017eivotom niektor&iacute; ob\u010dania USA p&ocirc;sobiaci v&nbsp; islamskom svete. D&aacute; sa o\u010dak&aacute;va\u0165, \u017ee n&aacute;pad sp&aacute;li\u0165 2OO kusov Kor&aacute;nu bude e&scaron;te dlho lomcova\u0165 citmi fundamentalistick&yacute;ch moslimov.&nbsp;<\/p>\n<p style=\"margin: 0.0px 0.0px 0.0px 0.0px; font: 15.0px Times New Roman\"><span style=\"font: 12.0px Times New Roman\">&nbsp;&nbsp; &nbsp; <\/span>Pre m\u0148a osobne, ako evanjelick&eacute;ho kres\u0165ana je tento n&aacute;pad baptistick&eacute;ho kolegu nepochopite\u013en&yacute; a neprijae\u013en&yacute;. Predov&scaron;etk&yacute;m preto, \u017ee v historickom&nbsp; z&aacute;pase kres\u0165anstva a islamu tak&yacute;to krok ni\u010d nerie&scaron;i a ni\u010d pozit&iacute;vne neprin&aacute;&scaron;a. Nemo\u017eno to ani v najmen&scaron;om ozna\u010di\u0165 za pr&iacute;spevok k evanjeliz&aacute;cii sveta. &nbsp; &nbsp; &nbsp; &nbsp; &nbsp; &nbsp;<\/p>\n<p style=\"margin: 0.0px 0.0px 0.0px 0.0px; font: 15.0px Times New Roman\">P&aacute;lenie n&aacute;bo\u017eensk&yacute;ch kn&iacute;h aj v samotnom kres\u0165anskom svete prinieslo zl&uacute; sejbu a neprospelo nikomu. Zn&aacute;mym v tomto smere sa stal v \u010cech&aacute;ch p&aacute;ter Koni&aacute;&scaron;, ale nezaost&aacute;vali ani in&iacute; p&aacute;tri jezuiti a franti&scaron;k&aacute;ni. Tak&yacute;m bol aj &Scaron;tefan Pobjedsky, ktor&yacute; sa vo vlastnom \u017eivotopise chv&aacute;li , ako dvakr&aacute;t p&aacute;lil heretick&eacute; knihy v Soboti&scaron;ti .(V knihe o dejin&aacute;ch franti&scaron;k&aacute;nskeho r&aacute;du na Slovensku, vydanej v USA). Smutne zn&aacute;my v tomto smere bol aj gr&oacute;f Franti&scaron;ek N&aacute;da&scaron;dy, ktor&yacute;&nbsp; na \u010dachtickom z&aacute;mku&nbsp; sp&aacute;lil knihy beckovsk&eacute;mu&nbsp; ev. k\u0148azovi &Scaron;tefanovi Pil&aacute;rikovi. Pr&iacute; p&aacute;len&iacute;&nbsp; z horiacej Biblie vychytil vietor list a zaniesol k N&aacute;da&scaron;dymu. Gr&oacute;f \u010d&iacute;tal: <i>&ldquo;Usych&aacute; tr&aacute;va, kv\u011bt pr&scaron;&iacute;, ale slovo Boha na&scaron;eho z&uacute;st&aacute;va nav\u011bky&ldquo;.&nbsp;<\/i> Na cit&aacute;t si spom&iacute;nal vo v&auml;zen&iacute;, ke\u010f ho ako \u010dlena Wessel&eacute;nyovsk&eacute;ho sprisahania popravili.&nbsp;<\/p>\n<p style=\"margin: 0.0px 0.0px 0.0px 0.0px; font: 15.0px Times New Roman\">Inou kapitolou je p&aacute;lenie&nbsp; n&aacute;bo\u017eensk&yacute;ch kn&iacute;h, a s nimi aj ich autorov. Za v&scaron;etky pr&iacute;pady spomeniem ten najzn&aacute;mej&scaron;&iacute;. Iskry z hranice majstra J&aacute;na Husa zap&aacute;lili v \u010cech&aacute;ch i okolit&yacute;ch &scaron;t&aacute;toch oboj a odpor. Bol potla\u010den&yacute; v mnoh&yacute;ch krviprelievaniach.<\/p>\n<p style=\"margin: 0.0px 0.0px 0.0px 0.0px; font: 15.0px Times New Roman\"><span style=\"font: 12.0px Times New Roman\">&nbsp; &nbsp;<\/span><\/p>\n<p style=\"margin: 0.0px 0.0px 0.0px 0.0px; font: 15.0px Times New Roman\">&nbsp;&nbsp; &nbsp;Hl&aacute;sanie evanjelia&nbsp; nem&aacute; od jeho Autora tak&yacute;to pokyn a nie je v s&uacute;lade s praxou prvotnej Cirkvi. Ak by chcel niekto vidie\u0165 precedens k tak&eacute;muto po\u010d&iacute;naniu v spr&aacute;ve <b>Skutkov apo&scaron;tolsk&yacute;ch<\/b> (<i>19,19-2O)<\/i>, kde sa hovor&iacute; o sp&aacute;len&iacute; pohansk&yacute;ch \u010darodejn&iacute;ckych kn&iacute;h <b>v Efeze<\/b>, treba si jasne uvedomi\u0165, \u017ee tam ich sp&aacute;lili sami a dobrovo\u013ene t&iacute; z pohanov, ktor&iacute; uverili v Je\u017ei&scaron;a.&ldquo;<i>Pozn&aacute;&scaron;ali svoje hnihy a sp&aacute;lili ich v&scaron;etk&yacute;m pred o\u010dami&ldquo;<\/i>. Iba falo&scaron;n&yacute; fundamentalizmus by to mohol interpretova\u0165 ako precedens.&nbsp;<\/p>\n<p style=\"margin: 0.0px 0.0px 0.0px 0.0px; font: 15.0px Times New Roman\">&nbsp;<\/p>\n<p style=\"margin: 0.0px 0.0px 0.0px 0.0px; font: 15.0px Times New Roman\"><span style=\"font: 12.0px Times New Roman\">&nbsp; &nbsp; <\/span>&Uacute;tok z 11.septembra je ods&uacute;deniahodn&yacute;. Je vecou islamu, aby dal jasne najavo, \u010di je to v s&uacute;lade s jeho u\u010den&iacute;m, alebo proti nemu. Z kres\u0165ansk&eacute;ho&nbsp; poh\u013eadu islam ur\u010dite nie je &bdquo;svetlom n&aacute;rodov&ldquo;. V duchovnom z&aacute;pase s n&iacute;m&nbsp; v&scaron;ak mo\u017eno po\u017eehnane pou\u017ei\u0165 iba tie sp&ocirc;soby a prostriedky, ktor&eacute; n&aacute;m dal P&aacute;n Je\u017ei&scaron;, v slu\u017ebe ktor&eacute;ho stoj&iacute;me.<\/p>\n<p style=\"margin: 0.0px 0.0px 0.0px 0.0px; font: 12.0px Times New Roman\">&nbsp;&nbsp; &nbsp; &nbsp; &nbsp; &nbsp; &nbsp; &nbsp; &nbsp; &nbsp; &nbsp; &nbsp; &nbsp; &nbsp; &nbsp; &nbsp; &nbsp; &nbsp; &nbsp; &nbsp; &nbsp; &nbsp; &nbsp; &nbsp; &nbsp; &nbsp; &nbsp; &nbsp; &nbsp; &nbsp; &nbsp; &nbsp; &nbsp; &nbsp; &nbsp; &nbsp; &nbsp; &nbsp; &nbsp; &nbsp; &nbsp; &nbsp;<span style=\"font: 15.0px Times New Roman\">\u013dubom&iacute;r Batka st.<\/span><\/p>\n<div><span style=\"font: 15.0px Times New Roman\"><br \/>\n<\/span><\/div>\n","protected":false},"excerpt":{"rendered":"<p>&nbsp;&nbsp;&nbsp; &nbsp; &nbsp; &nbsp; &nbsp; &nbsp; &nbsp; &nbsp; &nbsp; &nbsp; &nbsp; &nbsp; &nbsp; &nbsp; &nbsp; &nbsp; &nbsp; &nbsp; &nbsp; &nbsp; &nbsp; &nbsp; &nbsp; &nbsp; &nbsp; &nbsp;P&aacute;lenie kor&aacute;nu &nbsp; &nbsp;sa nakoniec d\u0148a 11.septembra v USA nekonalo. Baptistick&yacute; pastor, ktor&eacute;ho&nbsp;meno nie je d&ocirc;le\u017eit&eacute;, svoje rozhodnutie napokon odvolal. Iste k tomu prispel najm&auml; ofici&aacute;lny tlak zo strany samotn&eacute;ho &#8230; <a title=\"P\u00e1lenie kor\u00e1nu\" class=\"read-more\" href=\"https:\/\/www.e-anjelik.sk\/index.php\/2010\/09\/11\/palenie-koranu\/\" aria-label=\"Pre\u010d\u00edtajte si viac o P\u00e1lenie kor\u00e1nu\">\u010c\u00edta\u0165 viac<\/a><\/p>\n","protected":false},"author":4,"featured_media":0,"comment_status":"open","ping_status":"open","sticky":false,"template":"","format":"standard","meta":{"footnotes":""},"categories":[1],"tags":[333],"class_list":["post-3018","post","type-post","status-publish","format-standard","hentry","category-adventna-modlitba","tag-uvahy"],"_links":{"self":[{"href":"https:\/\/www.e-anjelik.sk\/index.php\/wp-json\/wp\/v2\/posts\/3018","targetHints":{"allow":["GET"]}}],"collection":[{"href":"https:\/\/www.e-anjelik.sk\/index.php\/wp-json\/wp\/v2\/posts"}],"about":[{"href":"https:\/\/www.e-anjelik.sk\/index.php\/wp-json\/wp\/v2\/types\/post"}],"author":[{"embeddable":true,"href":"https:\/\/www.e-anjelik.sk\/index.php\/wp-json\/wp\/v2\/users\/4"}],"replies":[{"embeddable":true,"href":"https:\/\/www.e-anjelik.sk\/index.php\/wp-json\/wp\/v2\/comments?post=3018"}],"version-history":[{"count":0,"href":"https:\/\/www.e-anjelik.sk\/index.php\/wp-json\/wp\/v2\/posts\/3018\/revisions"}],"wp:attachment":[{"href":"https:\/\/www.e-anjelik.sk\/index.php\/wp-json\/wp\/v2\/media?parent=3018"}],"wp:term":[{"taxonomy":"category","embeddable":true,"href":"https:\/\/www.e-anjelik.sk\/index.php\/wp-json\/wp\/v2\/categories?post=3018"},{"taxonomy":"post_tag","embeddable":true,"href":"https:\/\/www.e-anjelik.sk\/index.php\/wp-json\/wp\/v2\/tags?post=3018"}],"curies":[{"name":"wp","href":"https:\/\/api.w.org\/{rel}","templated":true}]}}