{"id":3022,"date":"2010-09-13T08:40:04","date_gmt":"2010-09-13T08:40:04","guid":{"rendered":"http:\/\/e-anjelik.sk\/?p=3022"},"modified":"2010-09-13T08:40:04","modified_gmt":"2010-09-13T08:40:04","slug":"biskup-juzneho-distriktu-ecav-v-mr-u-evanjelikov-v-sedmohradsku","status":"publish","type":"post","link":"https:\/\/www.e-anjelik.sk\/index.php\/2010\/09\/13\/biskup-juzneho-distriktu-ecav-v-mr-u-evanjelikov-v-sedmohradsku\/","title":{"rendered":"Biskup Ju\u017en\u00e9ho di\u0161triktu ECAV v MR u evanjelikov v Sedmohradsku"},"content":{"rendered":"<p>Biskup Ju\u017en&eacute;ho di&scaron;triktu EC&nbsp;v MR G&aacute;ncs P&eacute;ter&nbsp;, zodpovedn&yacute; za misiu, 9. a 10. septembra t.r. &nbsp;sa z&uacute;\u010dastnil na stretnut&iacute; duchovn&yacute;ch Rumunskej Evanjelicko-luter&aacute;nskej cirkvi z pr&iacute;le\u017eitosti za\u010diatku pracovn&eacute;ho roku. Na pozvanie biskupa tejto cirkvi Adorj&aacute;ni Dezs&ouml;-a k&aacute;zal na slu\u017eb&aacute;ch Bo\u017e&iacute;ch &nbsp;biskup G&aacute;ncs P. Potom far&aacute;r Szmid&eacute;lius G&aacute;bor, z Budape&scaron;ti &#8211; cirkev. zbor De&aacute;kovo n&aacute;m., pribl&iacute;\u017eil pr&aacute;cu a sk&uacute;senosti&nbsp;cirkevn&eacute;ho zdru\u017eenia Veternica (Sz&eacute;lr&oacute;zsa). Pozn.: S&uacute;\u010das\u0165ou tejto preva\u017ene ma\u010farsky hovoriacej cirkvi v Rumunsku je aj n&aacute;&scaron; slovensk&yacute; evanjelick&yacute; senior&aacute;t so s&iacute;dlom v Nadlaku.<\/p>\n<p>(<a href=\"http:\/\/www.evangelikus.hu\">www.evangelikus.hu<\/a>)<\/p>\n","protected":false},"excerpt":{"rendered":"<p>Biskup Ju\u017en&eacute;ho di&scaron;triktu EC&nbsp;v MR G&aacute;ncs P&eacute;ter&nbsp;, zodpovedn&yacute; za misiu, 9. a 10. septembra t.r. &nbsp;sa z&uacute;\u010dastnil na stretnut&iacute; duchovn&yacute;ch Rumunskej Evanjelicko-luter&aacute;nskej cirkvi z pr&iacute;le\u017eitosti za\u010diatku pracovn&eacute;ho roku. Na pozvanie biskupa tejto cirkvi Adorj&aacute;ni Dezs&ouml;-a k&aacute;zal na slu\u017eb&aacute;ch Bo\u017e&iacute;ch &nbsp;biskup G&aacute;ncs P. Potom far&aacute;r Szmid&eacute;lius G&aacute;bor, z Budape&scaron;ti &#8211; cirkev. zbor De&aacute;kovo n&aacute;m., pribl&iacute;\u017eil pr&aacute;cu &#8230; <a title=\"Biskup Ju\u017en\u00e9ho di\u0161triktu ECAV v MR u evanjelikov v Sedmohradsku\" class=\"read-more\" href=\"https:\/\/www.e-anjelik.sk\/index.php\/2010\/09\/13\/biskup-juzneho-distriktu-ecav-v-mr-u-evanjelikov-v-sedmohradsku\/\" aria-label=\"Pre\u010d\u00edtajte si viac o Biskup Ju\u017en\u00e9ho di\u0161triktu ECAV v MR u evanjelikov v Sedmohradsku\">\u010c\u00edta\u0165 viac<\/a><\/p>\n","protected":false},"author":22,"featured_media":0,"comment_status":"open","ping_status":"open","sticky":false,"template":"","format":"standard","meta":{"footnotes":""},"categories":[9,10],"tags":[],"class_list":["post-3022","post","type-post","status-publish","format-standard","hentry","category-europa","category-zo-sveta"],"_links":{"self":[{"href":"https:\/\/www.e-anjelik.sk\/index.php\/wp-json\/wp\/v2\/posts\/3022","targetHints":{"allow":["GET"]}}],"collection":[{"href":"https:\/\/www.e-anjelik.sk\/index.php\/wp-json\/wp\/v2\/posts"}],"about":[{"href":"https:\/\/www.e-anjelik.sk\/index.php\/wp-json\/wp\/v2\/types\/post"}],"author":[{"embeddable":true,"href":"https:\/\/www.e-anjelik.sk\/index.php\/wp-json\/wp\/v2\/users\/22"}],"replies":[{"embeddable":true,"href":"https:\/\/www.e-anjelik.sk\/index.php\/wp-json\/wp\/v2\/comments?post=3022"}],"version-history":[{"count":0,"href":"https:\/\/www.e-anjelik.sk\/index.php\/wp-json\/wp\/v2\/posts\/3022\/revisions"}],"wp:attachment":[{"href":"https:\/\/www.e-anjelik.sk\/index.php\/wp-json\/wp\/v2\/media?parent=3022"}],"wp:term":[{"taxonomy":"category","embeddable":true,"href":"https:\/\/www.e-anjelik.sk\/index.php\/wp-json\/wp\/v2\/categories?post=3022"},{"taxonomy":"post_tag","embeddable":true,"href":"https:\/\/www.e-anjelik.sk\/index.php\/wp-json\/wp\/v2\/tags?post=3022"}],"curies":[{"name":"wp","href":"https:\/\/api.w.org\/{rel}","templated":true}]}}