{"id":3026,"date":"2010-09-15T13:05:45","date_gmt":"2010-09-15T13:05:45","guid":{"rendered":"http:\/\/e-anjelik.sk\/?p=3026"},"modified":"2010-09-15T13:05:45","modified_gmt":"2010-09-15T13:05:45","slug":"v-rostocku-sa-zidu-farari-a-fararky-na-71-zasadnutie-ich-spolku","status":"publish","type":"post","link":"https:\/\/www.e-anjelik.sk\/index.php\/2010\/09\/15\/v-rostocku-sa-zidu-farari-a-fararky-na-71-zasadnutie-ich-spolku\/","title":{"rendered":"V Rostocku sa z\u00eddu far\u00e1ri a far\u00e1rky na 71. zasadnutie ich spolku"},"content":{"rendered":"<p>Od 20. do 22. septembra t.r. sa v Rostocku bude kona\u0165 71. zasadnutie Spolku nemeck&yacute;ch far&aacute;rov a far&aacute;riek s &uacute;\u010das\u0165ou do 400 duchovn&yacute;ch nielen z Nemecka, ale ai in&yacute;ch \u010dast&iacute; Eur&oacute;py.Stredobodom rokovania bude &quot;Evanjelick&aacute; cirkev a soci&aacute;lne ot&aacute;zky&quot;. Na z&aacute;vere\u010dn&yacute;ch slu\u017eb&aacute;ch Bo\u017e&iacute;ch v chr&aacute;me Panny M&aacute;rie v Rostocku bude k&aacute;za\u0165 miestny ev. krajinsk&yacute; biskup Meklenburska Andreas von Maltzahn. Spolok sa sch&aacute;dza spravidla ka\u017ed&eacute; dva roky. Do Spolku patria ev. duchovn&iacute; z 22 miestnych zdru\u017een&iacute; s po\u010dtom do 20 tis&iacute;c far&aacute;rov a far&aacute;riek.<\/p>\n<p>(<a href=\"http:\/\/www.kirche-mv.de\">www.kirche-mv.de<\/a>)<\/p>\n","protected":false},"excerpt":{"rendered":"<p>Od 20. do 22. septembra t.r. sa v Rostocku bude kona\u0165 71. zasadnutie Spolku nemeck&yacute;ch far&aacute;rov a far&aacute;riek s &uacute;\u010das\u0165ou do 400 duchovn&yacute;ch nielen z Nemecka, ale ai in&yacute;ch \u010dast&iacute; Eur&oacute;py.Stredobodom rokovania bude &quot;Evanjelick&aacute; cirkev a soci&aacute;lne ot&aacute;zky&quot;. Na z&aacute;vere\u010dn&yacute;ch slu\u017eb&aacute;ch Bo\u017e&iacute;ch v chr&aacute;me Panny M&aacute;rie v Rostocku bude k&aacute;za\u0165 miestny ev. krajinsk&yacute; biskup Meklenburska &#8230; <a title=\"V Rostocku sa z\u00eddu far\u00e1ri a far\u00e1rky na 71. zasadnutie ich spolku\" class=\"read-more\" href=\"https:\/\/www.e-anjelik.sk\/index.php\/2010\/09\/15\/v-rostocku-sa-zidu-farari-a-fararky-na-71-zasadnutie-ich-spolku\/\" aria-label=\"Pre\u010d\u00edtajte si viac o V Rostocku sa z\u00eddu far\u00e1ri a far\u00e1rky na 71. zasadnutie ich spolku\">\u010c\u00edta\u0165 viac<\/a><\/p>\n","protected":false},"author":22,"featured_media":0,"comment_status":"open","ping_status":"open","sticky":false,"template":"","format":"standard","meta":{"footnotes":""},"categories":[9,10],"tags":[],"class_list":["post-3026","post","type-post","status-publish","format-standard","hentry","category-europa","category-zo-sveta"],"_links":{"self":[{"href":"https:\/\/www.e-anjelik.sk\/index.php\/wp-json\/wp\/v2\/posts\/3026","targetHints":{"allow":["GET"]}}],"collection":[{"href":"https:\/\/www.e-anjelik.sk\/index.php\/wp-json\/wp\/v2\/posts"}],"about":[{"href":"https:\/\/www.e-anjelik.sk\/index.php\/wp-json\/wp\/v2\/types\/post"}],"author":[{"embeddable":true,"href":"https:\/\/www.e-anjelik.sk\/index.php\/wp-json\/wp\/v2\/users\/22"}],"replies":[{"embeddable":true,"href":"https:\/\/www.e-anjelik.sk\/index.php\/wp-json\/wp\/v2\/comments?post=3026"}],"version-history":[{"count":0,"href":"https:\/\/www.e-anjelik.sk\/index.php\/wp-json\/wp\/v2\/posts\/3026\/revisions"}],"wp:attachment":[{"href":"https:\/\/www.e-anjelik.sk\/index.php\/wp-json\/wp\/v2\/media?parent=3026"}],"wp:term":[{"taxonomy":"category","embeddable":true,"href":"https:\/\/www.e-anjelik.sk\/index.php\/wp-json\/wp\/v2\/categories?post=3026"},{"taxonomy":"post_tag","embeddable":true,"href":"https:\/\/www.e-anjelik.sk\/index.php\/wp-json\/wp\/v2\/tags?post=3026"}],"curies":[{"name":"wp","href":"https:\/\/api.w.org\/{rel}","templated":true}]}}