{"id":3027,"date":"2010-09-15T13:17:07","date_gmt":"2010-09-15T13:17:07","guid":{"rendered":"http:\/\/e-anjelik.sk\/?p=3027"},"modified":"2010-09-15T13:17:07","modified_gmt":"2010-09-15T13:17:07","slug":"evanjelicka-kaplanka-ziskala-cenu-za-kazen-2010","status":"publish","type":"post","link":"https:\/\/www.e-anjelik.sk\/index.php\/2010\/09\/15\/evanjelicka-kaplanka-ziskala-cenu-za-kazen-2010\/","title":{"rendered":"Evanjelick\u00e1 kapl\u00e1nka z\u00edskala cenu za k\u00e1ze\u0148 2010"},"content":{"rendered":"<p>Evanjelick&aacute; kapl&aacute;nka,Anja Siebert,&nbsp;35-ro\u010dn&aacute;, z&iacute;skala cenu za k&aacute;ze\u0148 pre rok 2010 v kateg&oacute;rii &quot;Najlep&scaron;ia k&aacute;ze\u0148&quot;. Vyznamenan&aacute; k&aacute;ze\u0148 bola vypracovan&aacute; na text: J&aacute;n 12, 12-19. K&aacute;ze\u0148 odznela na Kvetn&uacute; nede\u013eu v Mat&uacute;&scaron;ovom kostole v Berl&iacute;ne-Steglitz. Cenu odovzdaj&uacute;&nbsp;17. novembra t.r. na De\u0148 pok&aacute;nia a modlitieb v Z&aacute;mockom kostole v Bonne. Nedotovan&aacute; \u010destn&aacute; cena m&aacute;&nbsp;za cie\u013e podporova\u0165 umenie&nbsp;re\u010dnenia. Ekumenick&uacute; porotu pre hodnotenie tvoria teol&oacute;govia a publicisti.&nbsp;Ude\u013euje sa od roku 2000.<\/p>\n<p>(<a href=\"http:\/\/www.kirche-mv.de\">www.kirche-mv.de<\/a>)<\/p>\n","protected":false},"excerpt":{"rendered":"<p>Evanjelick&aacute; kapl&aacute;nka,Anja Siebert,&nbsp;35-ro\u010dn&aacute;, z&iacute;skala cenu za k&aacute;ze\u0148 pre rok 2010 v kateg&oacute;rii &quot;Najlep&scaron;ia k&aacute;ze\u0148&quot;. Vyznamenan&aacute; k&aacute;ze\u0148 bola vypracovan&aacute; na text: J&aacute;n 12, 12-19. K&aacute;ze\u0148 odznela na Kvetn&uacute; nede\u013eu v Mat&uacute;&scaron;ovom kostole v Berl&iacute;ne-Steglitz. Cenu odovzdaj&uacute;&nbsp;17. novembra t.r. na De\u0148 pok&aacute;nia a modlitieb v Z&aacute;mockom kostole v Bonne. Nedotovan&aacute; \u010destn&aacute; cena m&aacute;&nbsp;za cie\u013e podporova\u0165 umenie&nbsp;re\u010dnenia. Ekumenick&uacute; &#8230; <a title=\"Evanjelick\u00e1 kapl\u00e1nka z\u00edskala cenu za k\u00e1ze\u0148 2010\" class=\"read-more\" href=\"https:\/\/www.e-anjelik.sk\/index.php\/2010\/09\/15\/evanjelicka-kaplanka-ziskala-cenu-za-kazen-2010\/\" aria-label=\"Pre\u010d\u00edtajte si viac o Evanjelick\u00e1 kapl\u00e1nka z\u00edskala cenu za k\u00e1ze\u0148 2010\">\u010c\u00edta\u0165 viac<\/a><\/p>\n","protected":false},"author":22,"featured_media":0,"comment_status":"open","ping_status":"open","sticky":false,"template":"","format":"standard","meta":{"footnotes":""},"categories":[121,95],"tags":[],"class_list":["post-3027","post","type-post","status-publish","format-standard","hentry","category-kazne","category-sobotiste"],"_links":{"self":[{"href":"https:\/\/www.e-anjelik.sk\/index.php\/wp-json\/wp\/v2\/posts\/3027","targetHints":{"allow":["GET"]}}],"collection":[{"href":"https:\/\/www.e-anjelik.sk\/index.php\/wp-json\/wp\/v2\/posts"}],"about":[{"href":"https:\/\/www.e-anjelik.sk\/index.php\/wp-json\/wp\/v2\/types\/post"}],"author":[{"embeddable":true,"href":"https:\/\/www.e-anjelik.sk\/index.php\/wp-json\/wp\/v2\/users\/22"}],"replies":[{"embeddable":true,"href":"https:\/\/www.e-anjelik.sk\/index.php\/wp-json\/wp\/v2\/comments?post=3027"}],"version-history":[{"count":0,"href":"https:\/\/www.e-anjelik.sk\/index.php\/wp-json\/wp\/v2\/posts\/3027\/revisions"}],"wp:attachment":[{"href":"https:\/\/www.e-anjelik.sk\/index.php\/wp-json\/wp\/v2\/media?parent=3027"}],"wp:term":[{"taxonomy":"category","embeddable":true,"href":"https:\/\/www.e-anjelik.sk\/index.php\/wp-json\/wp\/v2\/categories?post=3027"},{"taxonomy":"post_tag","embeddable":true,"href":"https:\/\/www.e-anjelik.sk\/index.php\/wp-json\/wp\/v2\/tags?post=3027"}],"curies":[{"name":"wp","href":"https:\/\/api.w.org\/{rel}","templated":true}]}}