{"id":30321,"date":"2016-03-26T23:24:28","date_gmt":"2016-03-26T21:24:28","guid":{"rendered":"http:\/\/www.evanjelik.sk\/?p=30321"},"modified":"2016-03-26T23:24:28","modified_gmt":"2016-03-26T21:24:28","slug":"martin-razus-velkonocna-modlitba","status":"publish","type":"post","link":"https:\/\/www.e-anjelik.sk\/index.php\/2016\/03\/26\/martin-razus-velkonocna-modlitba\/","title":{"rendered":"Martin R\u00e1zus: Ve\u013ekono\u010dn\u00e1 modlitba"},"content":{"rendered":"<p>Martin R\u00e1zus: Ve\u013ekono\u010dn\u00e1 modlitba<\/p>\n<p>\u00d3, Kriste, ke\u010f si zvl\u00e1dol smr\u0165,<\/p>\n<p>neodcho\u010f od n\u00e1s, s nami bu\u010f,<\/p>\n<p>vo\u010f n\u00e1s a v p\u00fati z l\u00e1sky ra\u010f,<\/p>\n<p>na na\u0161e \u013eudsk\u00e9 biedy h\u013ead!<\/p>\n<p>Bu\u010f s t\u00fdmi, \u010do \u0164a volaj\u00fa<\/p>\n<p>a v Tvoju pomoc \u00fafaj\u00fa!<\/p>\n<p>Kde s\u00fa\u017ei nemoc &#8211; vzhliadni, lie\u010d,<\/p>\n<p>a daj \u010du\u0165 vern\u00fdm Tvoju re\u010d,<\/p>\n<p>\u010do dv\u00edha z l\u00f4\u017eka &#8211; u\u013eav\u00ed,<\/p>\n<p>oslad\u00ed \u017eivot bo\u013eav\u00fd!<\/p>\n<p>Bu\u010f s t\u00fdmi, \u010do \u0161li do sveta,<\/p>\n<p>kde n\u00e1dej v Tebe opret\u00e1 &#8211;<\/p>\n<p>pom\u00e1haj dietkam, rodi\u010dom,<\/p>\n<p>nedaj trie\u0165 biedy na ni\u010dom!<\/p>\n<p>A t\u00fdch, \u010do v sm\u00fatkoch h\u013eadia k n\u00e1m,<\/p>\n<p>pote\u0161 &#8211; \u00f3, Pane &#8211; pote\u0161 s\u00e1m,<\/p>\n<p>uis\u0165 ich v svojej dobrote<\/p>\n<p>o novom, lep\u0161om \u017eivote,<\/p>\n<p>kde zhliadaj\u00fa, a\u017e pr\u00edde \u010das,<\/p>\n<p>straten\u00fdch svojich mil\u00fdch zas!<\/p>\n<p>A ke\u010f sa bud\u00ed nov\u00fd kvet,<\/p>\n<p>i strom sa po\u010dal pod n\u00edm skvie\u0165,<\/p>\n<p>i tr\u00e1va bujnie zelen\u00e1,<\/p>\n<p>na poli \u00fafnos\u0165 znoven\u00e1 &#8211;<\/p>\n<p>ach, Spasite\u013eu, \u0161\u0165astia praj<\/p>\n<p>a chlebu n\u00e1\u0161mu po\u017eehnaj!<\/p>\n<p>Jak v Emaus t\u00fdch raz z ve\u010dera,<\/p>\n<p>sa zrak n\u00e1\u0161 k Tebe upiera:<\/p>\n<p>\u00d3, osta\u0148&nbsp; s nami, s nami bu\u010f,<\/p>\n<p>pam\u00e4taj na nas &#8211; na svoj \u013eud<\/p>\n<p>a niekdy, a\u017e raz zmrkne sa,<\/p>\n<p>otvor n\u00e1m svoje nebes\u00e1!&nbsp; Amen.<\/p>\n","protected":false},"excerpt":{"rendered":"<p>Martin R\u00e1zus: Ve\u013ekono\u010dn\u00e1 modlitba \u00d3, Kriste, ke\u010f si zvl\u00e1dol smr\u0165, neodcho\u010f od n\u00e1s, s nami bu\u010f, vo\u010f n\u00e1s a v p\u00fati z l\u00e1sky ra\u010f, na na\u0161e \u013eudsk\u00e9 biedy h\u013ead! Bu\u010f s t\u00fdmi, \u010do \u0164a volaj\u00fa a v Tvoju pomoc \u00fafaj\u00fa! Kde s\u00fa\u017ei nemoc &#8211; vzhliadni, lie\u010d, a daj \u010du\u0165 vern\u00fdm Tvoju re\u010d, \u010do dv\u00edha z &#8230; <a title=\"Martin R\u00e1zus: Ve\u013ekono\u010dn\u00e1 modlitba\" class=\"read-more\" href=\"https:\/\/www.e-anjelik.sk\/index.php\/2016\/03\/26\/martin-razus-velkonocna-modlitba\/\" aria-label=\"Pre\u010d\u00edtajte si viac o Martin R\u00e1zus: Ve\u013ekono\u010dn\u00e1 modlitba\">\u010c\u00edta\u0165 viac<\/a><\/p>\n","protected":false},"author":4,"featured_media":0,"comment_status":"open","ping_status":"closed","sticky":false,"template":"","format":"standard","meta":{"footnotes":""},"categories":[1,77],"tags":[],"class_list":["post-30321","post","type-post","status-publish","format-standard","hentry","category-adventna-modlitba","category-velka-noc"],"_links":{"self":[{"href":"https:\/\/www.e-anjelik.sk\/index.php\/wp-json\/wp\/v2\/posts\/30321","targetHints":{"allow":["GET"]}}],"collection":[{"href":"https:\/\/www.e-anjelik.sk\/index.php\/wp-json\/wp\/v2\/posts"}],"about":[{"href":"https:\/\/www.e-anjelik.sk\/index.php\/wp-json\/wp\/v2\/types\/post"}],"author":[{"embeddable":true,"href":"https:\/\/www.e-anjelik.sk\/index.php\/wp-json\/wp\/v2\/users\/4"}],"replies":[{"embeddable":true,"href":"https:\/\/www.e-anjelik.sk\/index.php\/wp-json\/wp\/v2\/comments?post=30321"}],"version-history":[{"count":0,"href":"https:\/\/www.e-anjelik.sk\/index.php\/wp-json\/wp\/v2\/posts\/30321\/revisions"}],"wp:attachment":[{"href":"https:\/\/www.e-anjelik.sk\/index.php\/wp-json\/wp\/v2\/media?parent=30321"}],"wp:term":[{"taxonomy":"category","embeddable":true,"href":"https:\/\/www.e-anjelik.sk\/index.php\/wp-json\/wp\/v2\/categories?post=30321"},{"taxonomy":"post_tag","embeddable":true,"href":"https:\/\/www.e-anjelik.sk\/index.php\/wp-json\/wp\/v2\/tags?post=30321"}],"curies":[{"name":"wp","href":"https:\/\/api.w.org\/{rel}","templated":true}]}}