{"id":3033,"date":"2010-09-20T10:19:09","date_gmt":"2010-09-20T10:19:09","guid":{"rendered":"http:\/\/e-anjelik.sk\/?p=3033"},"modified":"2010-09-20T10:19:09","modified_gmt":"2010-09-20T10:19:09","slug":"starokatolici-a-luterani-v-nemecku-chcu-viacej-spolupracovat","status":"publish","type":"post","link":"https:\/\/www.e-anjelik.sk\/index.php\/2010\/09\/20\/starokatolici-a-luterani-v-nemecku-chcu-viacej-spolupracovat\/","title":{"rendered":"Starokatol\u00edci a luter\u00e1ni v Nemecku chc\u00fa viacej spolupracova\u0165"},"content":{"rendered":"<p>V minul&yacute;ch d\u0148och si kres\u0165ania oboch vyznan&iacute; v Nemecku pripom&iacute;nali podp&iacute;sanie dohody medzi EKD a Starokatol&iacute;ckou cirkvou v Nemecku o spolo\u010dnom sl&aacute;ven&iacute; eucharistie. Teraz starokatol&iacute;ci a VELKD rokovali o tesnej&scaron;ej vz&aacute;jomnej spolupr&aacute;ci. V&yacute;zvou pre to je silnej&uacute;ca sekulariz&aacute;cia. Av&scaron;ak &uacute;plne spolo\u010denstvo je e&scaron;te \u010faleko. Starokatol&iacute;cka cirkev sa ch&aacute;pe ako reformovan&aacute; katol&iacute;cka cirkev. Vznikla koncom 19. st. ako odpor prijatia dogmy o p&aacute;pe\u017eovom prim&aacute;te v u\u010den&iacute; a jeho neomylnosti,ktor&uacute; prijal 1. vatik&aacute;nsky koncil 18. j&uacute;la 1870. V Nemecku je 25 tis&iacute;c starokatol&iacute;kov. T&aacute;to cirkev prip&uacute;&scaron;\u0165a ordin&aacute;ciu \u017eien, ich k\u0148azi sa sm&uacute; \u017eeni\u0165. VELKD m&aacute; do 11 mili&oacute;nov \u010dlenov.<\/p>\n<p>(<a href=\"http:\/\/www.epd.de\">www.epd.de<\/a>)<\/p>\n","protected":false},"excerpt":{"rendered":"<p>V minul&yacute;ch d\u0148och si kres\u0165ania oboch vyznan&iacute; v Nemecku pripom&iacute;nali podp&iacute;sanie dohody medzi EKD a Starokatol&iacute;ckou cirkvou v Nemecku o spolo\u010dnom sl&aacute;ven&iacute; eucharistie. Teraz starokatol&iacute;ci a VELKD rokovali o tesnej&scaron;ej vz&aacute;jomnej spolupr&aacute;ci. V&yacute;zvou pre to je silnej&uacute;ca sekulariz&aacute;cia. Av&scaron;ak &uacute;plne spolo\u010denstvo je e&scaron;te \u010faleko. Starokatol&iacute;cka cirkev sa ch&aacute;pe ako reformovan&aacute; katol&iacute;cka cirkev. Vznikla koncom 19. &#8230; <a title=\"Starokatol\u00edci a luter\u00e1ni v Nemecku chc\u00fa viacej spolupracova\u0165\" class=\"read-more\" href=\"https:\/\/www.e-anjelik.sk\/index.php\/2010\/09\/20\/starokatolici-a-luterani-v-nemecku-chcu-viacej-spolupracovat\/\" aria-label=\"Pre\u010d\u00edtajte si viac o Starokatol\u00edci a luter\u00e1ni v Nemecku chc\u00fa viacej spolupracova\u0165\">\u010c\u00edta\u0165 viac<\/a><\/p>\n","protected":false},"author":22,"featured_media":0,"comment_status":"open","ping_status":"open","sticky":false,"template":"","format":"standard","meta":{"footnotes":""},"categories":[2],"tags":[],"class_list":["post-3033","post","type-post","status-publish","format-standard","hentry","category-ekumena"],"_links":{"self":[{"href":"https:\/\/www.e-anjelik.sk\/index.php\/wp-json\/wp\/v2\/posts\/3033","targetHints":{"allow":["GET"]}}],"collection":[{"href":"https:\/\/www.e-anjelik.sk\/index.php\/wp-json\/wp\/v2\/posts"}],"about":[{"href":"https:\/\/www.e-anjelik.sk\/index.php\/wp-json\/wp\/v2\/types\/post"}],"author":[{"embeddable":true,"href":"https:\/\/www.e-anjelik.sk\/index.php\/wp-json\/wp\/v2\/users\/22"}],"replies":[{"embeddable":true,"href":"https:\/\/www.e-anjelik.sk\/index.php\/wp-json\/wp\/v2\/comments?post=3033"}],"version-history":[{"count":0,"href":"https:\/\/www.e-anjelik.sk\/index.php\/wp-json\/wp\/v2\/posts\/3033\/revisions"}],"wp:attachment":[{"href":"https:\/\/www.e-anjelik.sk\/index.php\/wp-json\/wp\/v2\/media?parent=3033"}],"wp:term":[{"taxonomy":"category","embeddable":true,"href":"https:\/\/www.e-anjelik.sk\/index.php\/wp-json\/wp\/v2\/categories?post=3033"},{"taxonomy":"post_tag","embeddable":true,"href":"https:\/\/www.e-anjelik.sk\/index.php\/wp-json\/wp\/v2\/tags?post=3033"}],"curies":[{"name":"wp","href":"https:\/\/api.w.org\/{rel}","templated":true}]}}