{"id":30348,"date":"2016-04-02T17:00:38","date_gmt":"2016-04-02T15:00:38","guid":{"rendered":"http:\/\/www.evanjelik.sk\/?p=30348"},"modified":"2019-02-22T15:26:27","modified_gmt":"2019-02-22T14:26:27","slug":"v-bremach-zatvoria-evanjelicky-kostol","status":"publish","type":"post","link":"https:\/\/www.e-anjelik.sk\/index.php\/2016\/04\/02\/v-bremach-zatvoria-evanjelicky-kostol\/","title":{"rendered":"V Br\u00e9mach zatvoria evanjelick\u00fd kostol"},"content":{"rendered":"<p>V Br\u00e9mach, Nemecko, bud\u00fa sa 10. apr\u00edla t.r. kona\u0165 posledn\u00e9 slu\u017eby Bo\u017eie v evanjelickom kostole sv. Trojice v cirkevnom zbore Neue Vahr. Kostol bol posv\u00e4ten\u00fd v r. 1967. Pod\u013ea slov pastoriek tohto zboru A. Waltherovej a M. Richterovej\u00a0 cirkevn\u00fd zbor nem\u00e1 prostriedky na \u00fadr\u017ebu troch svojich chr\u00e1mov. Kostol prejde do u\u017e\u00edvania miestnej srbskej pravosl\u00e1vnej cirkvi.<\/p>\n<p>(www.idea.de)<\/p>\n","protected":false},"excerpt":{"rendered":"<p>V Br\u00e9mach, Nemecko, bud\u00fa sa 10. apr\u00edla t.r. kona\u0165 posledn\u00e9 slu\u017eby Bo\u017eie v evanjelickom kostole sv. Trojice v cirkevnom zbore Neue Vahr. Kostol bol posv\u00e4ten\u00fd v r. 1967. Pod\u013ea slov pastoriek tohto zboru A. Waltherovej a M. Richterovej\u00a0 cirkevn\u00fd zbor nem\u00e1 prostriedky na \u00fadr\u017ebu troch svojich chr\u00e1mov. Kostol prejde do u\u017e\u00edvania miestnej srbskej pravosl\u00e1vnej cirkvi. &#8230; <a title=\"V Br\u00e9mach zatvoria evanjelick\u00fd kostol\" class=\"read-more\" href=\"https:\/\/www.e-anjelik.sk\/index.php\/2016\/04\/02\/v-bremach-zatvoria-evanjelicky-kostol\/\" aria-label=\"Pre\u010d\u00edtajte si viac o V Br\u00e9mach zatvoria evanjelick\u00fd kostol\">\u010c\u00edta\u0165 viac<\/a><\/p>\n","protected":false},"author":2,"featured_media":0,"comment_status":"open","ping_status":"closed","sticky":false,"template":"","format":"standard","meta":{"footnotes":""},"categories":[9,73,163],"tags":[],"class_list":["post-30348","post","type-post","status-publish","format-standard","hentry","category-europa","category-ecav","category-nemecko"],"_links":{"self":[{"href":"https:\/\/www.e-anjelik.sk\/index.php\/wp-json\/wp\/v2\/posts\/30348","targetHints":{"allow":["GET"]}}],"collection":[{"href":"https:\/\/www.e-anjelik.sk\/index.php\/wp-json\/wp\/v2\/posts"}],"about":[{"href":"https:\/\/www.e-anjelik.sk\/index.php\/wp-json\/wp\/v2\/types\/post"}],"author":[{"embeddable":true,"href":"https:\/\/www.e-anjelik.sk\/index.php\/wp-json\/wp\/v2\/users\/2"}],"replies":[{"embeddable":true,"href":"https:\/\/www.e-anjelik.sk\/index.php\/wp-json\/wp\/v2\/comments?post=30348"}],"version-history":[{"count":1,"href":"https:\/\/www.e-anjelik.sk\/index.php\/wp-json\/wp\/v2\/posts\/30348\/revisions"}],"predecessor-version":[{"id":31797,"href":"https:\/\/www.e-anjelik.sk\/index.php\/wp-json\/wp\/v2\/posts\/30348\/revisions\/31797"}],"wp:attachment":[{"href":"https:\/\/www.e-anjelik.sk\/index.php\/wp-json\/wp\/v2\/media?parent=30348"}],"wp:term":[{"taxonomy":"category","embeddable":true,"href":"https:\/\/www.e-anjelik.sk\/index.php\/wp-json\/wp\/v2\/categories?post=30348"},{"taxonomy":"post_tag","embeddable":true,"href":"https:\/\/www.e-anjelik.sk\/index.php\/wp-json\/wp\/v2\/tags?post=30348"}],"curies":[{"name":"wp","href":"https:\/\/api.w.org\/{rel}","templated":true}]}}