{"id":30375,"date":"2016-04-09T20:23:06","date_gmt":"2016-04-09T18:23:06","guid":{"rendered":"http:\/\/www.evanjelik.sk\/?p=30375"},"modified":"2025-09-13T09:25:17","modified_gmt":"2025-09-13T07:25:17","slug":"vitame-vzkrieseneho-pana","status":"publish","type":"post","link":"https:\/\/www.e-anjelik.sk\/index.php\/2016\/04\/09\/vitame-vzkrieseneho-pana\/","title":{"rendered":"V\u00edtame vzkriesen\u00e9ho P\u00e1na"},"content":{"rendered":"\n<p><b>Zj 1, 4 &#8211; 8: <\/b><i>\u201cJ\u00e1n siedmim cirkevn\u00fdm zborom v \u00c1zii: Milos\u0165 v\u00e1m a pokoj od Toho,ktor\u00fd je, ktor\u00fd bola ktor\u00fd pr\u00edde, aj od siedmich duchov, ktor\u00ed s\u00fa pred Jeho tr\u00f3nom, (5) a od Je\u017ei\u0161a Krista, vern\u00e9ho svedka, prvoroden\u00e9ho z m\u0155tvych a vlad\u00e1ra zemsk\u00fdch kr\u00e1\u013eov. Jemu, ktor\u00fd n\u00e1s miluje, ktor\u00fd n\u00e1s svojou krvou oslobodil od na\u0161ich hriechov (6) a u\u010dinil kr\u00e1\u013eovsk\u00fdm k\u0148azstvom, k\u0148azmi svojmu Bohu a Otcovi, Jemu sl\u00e1va a vl\u00e1da na veky vekov! Amen.&nbsp;<\/i><\/p>\n\n\n\n<p>Mil\u00ed bratia a&nbsp;sestry v P\u00e1novi!<\/p>\n\n\n\n<p>Dovo\u013ete mi na \u00favod polo\u017ei\u0165 v\u00e1m ot\u00e1zku: Ako ste sl\u00e1vili Ve\u013ekono\u010dn\u00e9 sviatky? Rozveselila, pote\u0161ila v\u00e1s Ve\u013ekono\u010dn\u00e1 zves\u0165 o\u00a0V\u00ed\u0165azovi nad smr\u0165ou? Rozjasalo va\u0161e srdce evanjelium o\u00a0vzkriesen\u00ed Krista P\u00e1na? Posilnila Ve\u013ek\u00e1 noc na\u0161u vieru vo vzkriesenie? Alebo zost\u00e1vame pri Tom\u00e1\u0161ovom vyhl\u00e1sen\u00ed:<i> \u201eDokia\u013e neuvid\u00edm \u2026a\u00a0nedotknem sa\u2026 neuver\u00edm<\/i>\u201d?\u00a0Kie\u017e by sme sa dostali aj my k Je\u017ei\u0161ovmu hodnoteniu:<i> \u201eBlahoslaven\u00ed, ktor\u00ed nevideli a\u00a0predsa uverili\u201d.<\/i><\/p>\n\n\n\n<p>P\u00fdtal som sa v&nbsp;\u0161kole det\u00ed, ako oni tr\u00e1vili Ve\u013ekono\u010dn\u00e9 sviatky. V\u0161etci sa z\u00fa\u010dastnili mo\u017enosti \u0161iba\u0165 a&nbsp;oblieva\u0165 vodou&nbsp;diev\u010dat\u00e1, \u010di u\u017e v&nbsp;rodine, alebo u&nbsp;zn\u00e1mych. To nie je prekvapuj\u00face. Prekvapilo ma iba to, \u017ee mnoh\u00ed pri t\u00fdchto n\u00e1v\u0161tev\u00e1ch u\u017e nehovoria v\u00f4bec ni\u010d! \u017de u\u017e iba ml\u010dia a pou\u017e\u00edvaj\u00fa \u0161ib\u00e1k. Niektor\u00ed pou\u017eili pri tom iba oblig\u00e1tne spojenie: \u201c\u0161ibi-ryby\u2026\u201d, ale u\u017e ani t\u00fa \u013eudov\u00fa ver\u0161ovanku nepoznaj\u00fa.<\/p>\n\n\n\n<p>V dvoch pr\u00edpadoch som v\u0161ak bol aj milo prekvapen\u00fd! Jedna prv\u00e1\u010dka odpovedala, \u017ee jej riekanka sa za\u010d\u00ednala asi takto: <i>\u201cJa som mal\u00e1 panna, v\u00edtam Krista P\u00e1na\u2026\u201d<\/i>.\u00a0Je to ver\u0161\u00edk sk\u00f4r viano\u010dn\u00fd, ale &#8211; ove\u013ea lep\u0161ie ako nepoveda\u0165 ni\u010d. K\u00a0tomu mo\u017eno e\u0161te doda\u0165, \u017ee tak\u00fdto ver\u0161\u00edk aspo\u0148 nazna\u010duje s\u00favis Ve\u013ekej Noci s Kristom P\u00e1nom. Vylo\u017eme si to na dobr\u00fa str\u00e1nku takto: V\u00edtam Toho, ktor\u00fd bol Ukri\u017eovan\u00fd, ale ktor\u00fd sa vr\u00e1til zo smrti a\u00a0z r\u00ed\u0161e m\u0155tvych ako V\u00ed\u0165az! On si naozaj zasluhuje na\u0161u pozornos\u0165, na\u0161e priv\u00edtanie i\u00a0dobrore\u010denie. V\u00a0druhom pr\u00edpade to bolo moje prekvapenie e\u0161te mil\u0161ie. Jeden piatak sa z\u00a0vlastnej iniciat\u00edvy nau\u010dil zo star\u00e9ho Svetielka R\u00e1zusovu b\u00e1se\u0148 a\u00a0t\u00fato aj povedal pri \u0161iban\u00ed:<\/p>\n\n\n\n<blockquote class=\"wp-block-quote is-layout-flow wp-block-quote-is-layout-flow\">\n<p>\nV\u00ed\u0165azn\u00fd Kriste, bu\u010f Ti ve\u010dn\u00e1 chv\u00e1la,<br>\n\u017ee Tvoja sila aj smr\u0165 prevl\u00e1dla:<br>\nnede\u013ea svitla po Velikom piatku<br>\na men\u00ed hork\u00e9 slzy v n\u00e1dej sladk\u00fa!<\/p>\n\n\n\n<p>I v na\u0161om srdci \u010dist\u00e1 rados\u0165 jas\u00e1,<br>\n\u017ees\u00b4vstal a zloba sveta utiahla sa,<br>\nto nalieva n\u00e1m sily k \u017eitia boju<br>\nza pravdu Tvoju a za vieru svoju. Amen.<\/p>\n<\/blockquote>\n\n\n\n<p>Ob\u00e1vam sa, \u017ee tak\u00fdto ver\u0161 pri \u0161iba\u010dke zaznel len ojedinele, hoci je to naozaj&nbsp; \u0161koda nevyu\u017ei\u0165 aj tak\u00fato pr\u00edle\u017eitos\u0165 k&nbsp;pretlmo\u010deniu posolstva radostnej zvesti&nbsp; evanjelia. My aj v&nbsp;dne\u0161n\u00fa nede\u013eu, prv\u00fa vo ve\u013ekono\u010dnom obdob\u00ed:<\/p>\n\n\n\n<p>&nbsp;<\/p>\n\n\n\n<p><b>V\u00edtame vzkriesen\u00e9ho Krista P\u00e1na!<\/b><\/p>\n\n\n\n<p>preto\u017ee n\u00e1s<\/p>\n\n\n\n<ol class=\"wp-block-list\">\n<li><i>milos\u0165ou, pokojom a\u00a0l\u00e1skou obdarov\u00e1va<\/i><\/li>\n\n\n\n<li><i>k \u00fa\u010dasti na svojej vl\u00e1de pon\u00faka<\/i><\/li>\n\n\n\n<li><i>za svojich svedkov, k\u0148azov a\u00a0kr\u00e1\u013eov povol\u00e1va.<\/i><\/li>\n<\/ol>\n\n\n\n<p>&nbsp;<\/p>\n\n\n\n<p>Mil\u00ed bratia a&nbsp;sestry v&nbsp;Kristu P\u00e1nu!<\/p>\n\n\n\n<p>&nbsp;<\/p>\n\n\n\n<p>Prip\u00e1jame sa k\u00a0sl\u00e1vnostnej aklam\u00e1cii a\u00a0volaniu celej kres\u0165anskej cirkvi: <i>\u201eJemu sl\u00e1va a\u00a0vl\u00e1da na veky vekov!Amen.\u201d<\/i><\/p>\n\n\n\n<p>Zemsk\u00e9 panstv\u00e1 a\u00a0vl\u00e1dy je dobre zmeni\u0165 aj vtedy, ke\u010f dobre robia. T\u00fdm viac, ke\u010f zle robia, alebo nerobia ni\u010d. Ale vl\u00e1da a\u00a0panovanie Toho, ktor\u00fd je, ktor\u00fd bol a\u00a0ktor\u00fd pr\u00edde je dobr\u00e9 pre ka\u017ed\u00e9ho, je dobr\u00e9 po v\u0161etky \u010dasy a\u00a0pre v\u0161etk\u00fdch. P\u00e1n Je\u017ei\u0161 dok\u00e1zal Bo\u017eiu moc nielen nad t\u00fdmi, \u010do s\u00fa v\u00a0nebi, ale aj v\u00a0r\u00ed\u0161i ml\u010dania. Smr\u0165 ako panovn\u00ed\u010dku si podmanil a\u00a0podrobil si ju, aby Mu sl\u00fa\u017eila. Hriech a\u00a0diabla porazil. Toto v\u00ed\u0165azstvo m\u00f4\u017ee ka\u017ed\u00fd s\u00a0rados\u0165ou prija\u0165 ka\u017ed\u00fd \u010dlovek na zemi. Ka\u017ed\u00fd z\u00a0n\u00e1s m\u00f4\u017ee ma\u0165 z\u00a0neho \u00fa\u017eitok a\u00a0opr\u00e1vnen\u00fa rados\u0165.<\/p>\n\n\n\n<p>Prv\u00fdm ve\u013ek\u00fdm darom a&nbsp;dosahom tohto Kristovho v\u00ed\u0165azn\u00e9ho diela je milos\u0165. Milos\u0165 pre v\u0161etk\u00fdch, ktor\u00ed po\u010dn\u00fac od Adama a&nbsp;Evy milos\u0165 Bo\u017eiu stratili, ktor\u00ed sa stali po p\u00e1de do hriechu Bo\u017e\u00edmi nepriate\u013emi a&nbsp;najat\u00fdmi&nbsp; slu\u017eobn\u00edkmi poku\u0161ite\u013ea, otca l\u017ei a&nbsp;ka\u017ed\u00e9ho zla. Ak n\u00e1s niekto hrub\u00fdm sp\u00f4sobom podvedie a&nbsp;oklame, nemal by ma\u0165 na\u0161u d\u00f4veru a&nbsp;ani by n\u00e1m nemal by\u0165 \u013eahostajn\u00fd jeho \u00fadel. P\u00e1n Je\u017ei\u0161 Kristus nad ka\u017ed\u00fdm zlom a&nbsp;hriechom vyslovil svoj ortie\u013e ods\u00fadenia a&nbsp;pozval n\u00e1s tak k&nbsp;pokoju a&nbsp;radosti. Dostali sme milos\u0165 by\u0165 Jeho spojencami a&nbsp;priate\u013emi.<\/p>\n\n\n\n<p>Uvediem k tomu pr\u00edklad z\u00a0na\u0161ich dej\u00edn. Slovensk\u00fd \u0161t\u00e1t zo 14. marca 1939, ktor\u00fd dodnes chc\u00fa niektor\u00ed na\u0161i spoluob\u010dania oslavova\u0165, sa stal spojencom hitlerovsk\u00e9ho Nemecka a\u00a0vyhl\u00e1sil vojnu spojencom i\u00a0USA. Ke\u010f Hitlerova koal\u00edcia vojnu prehrala, musela nies\u0165 n\u00e1sledky. S\u00fa\u010dasne mala by\u0165 nav\u017edy mor\u00e1lne ods\u00faden\u00e1 a\u00a0bi\u013eagovan\u00e1. Slovensko v\u0161ak pre \u00fa\u010das\u0165 v\u00a0SNP bolo z\u00a0tejto obludnej koal\u00edcie vy\u0148at\u00e9 a\u00a0pripo\u010d\u00edtan\u00e9 k\u00a0v\u00ed\u0165azn\u00fdm mocnostiam. Dostali sme teda milos\u0165 &#8211; a to malo a m\u00e1 svoj ve\u013ek\u00fd v\u00fdznam..<\/p>\n\n\n\n<p>Ove\u013ea v\u00e4\u010d\u0161iu milos\u0165 dost\u00e1vame vtedy, ak sa prip\u00e1jame k v\u00ed\u0165azn\u00e9mu P\u00e1novi Je\u017ei\u0161ovi Kristovi! Lebo ide o milos\u0165, ktor\u00e1 rozhoduje o\u00a0na\u0161om byt\u00ed, \u010di nebyt\u00ed, o\u00a0na\u0161ej sp\u00e1se a\u00a0vyslobodzuje n\u00e1s od ve\u010dn\u00e9ho zatratenia. Je samozrejm\u00e9, \u017ee prijatie tejto milosti a\u00a0Kristov\u00fdch z\u00e1sluh vierou n\u00e1m prin\u00e1\u0161a\u00a0potom pokoj a\u00a0rados\u0165. Nech sa u\u017e \u010doko\u013evek deje, Ten, ktor\u00fd bol vern\u00fd svojej slu\u017ebe, a\u017e po opustenie Bohom Otcom v\u00a0okamihu smrti, kto bol tak ve\u013ek\u00fd a\u00a0dokonal\u00fd v\u00a0l\u00e1ske n\u00e1s chce zahrn\u00fa\u0165 svojou ve\u010dnou l\u00e1skou. Chce n\u00e1s obja\u0165 a\u00a0priv\u00edta\u0165 vo svojej r\u00ed\u0161i a\u00a0v\u00a0spolo\u010denstve osloboden\u00fdch\u00a0 \u013eud\u00ed. Preto m\u00e1me d\u00f4vod na rados\u0165, na oslavu, na plesanie a\u00a0volanie: <i>\u201eJemu sl\u00e1va a\u00a0vl\u00e1da na veky vekov\u201d!<\/i><\/p>\n\n\n\n<p>&nbsp;<\/p>\n\n\n\n<p>2. Bratia a sestry!<\/p>\n\n\n\n<p>Je\u017ei\u0161 Kristus, ktor\u00fd dok\u00e1zal vernos\u0165 a\u00a0dokonal\u00e9 spojenie v\u00a0l\u00e1ske s\u00a0Otcom nebesk\u00fdm i\u00a0s Duchom Sv\u00e4t\u00fdm, n\u00e1s poz\u00fdva do svojho kr\u00e1\u013eovstva, ktor\u00e9 bude trva\u0165 naveky nie ako druhorad\u00fdch ob\u010danov, ale d\u00e1va n\u00e1m pln\u00fa \u00fa\u010das\u0165 na svojej vl\u00e1de. Na vl\u00e1de dokonalej l\u00e1sky Otca, Syna i\u00a0Ducha sv\u00e4t\u00e9ho. Chce n\u00e1s <i>\u201evtiahnu\u0165 do silov\u00e9ho po\u013ea\u00a0 l\u00e1sky\u201c\/Pleijel\/<\/i> a\u00a0pon\u00faka n\u00e1m \u017eivot v\u00a0l\u00e1ske. Tento \u017eivot je mo\u017en\u00fd vtedy, ke\u010f prij\u00edmame Jeho \u00fa\u010das\u0165 v\u00a0na\u0161om \u017eivote. Jeho pr\u00edtomnos\u0165 v\u00a0slove a\u00a0vo\u00a0sviatostiach. On n\u00e1s svojou krvou oslobodil z moci na\u0161ich hriechov a\u00a0z ich zv\u00e4zuj\u00faceho jarma. Hriech tak nemus\u00ed panova\u0165. Star\u00e9 \u0161trukt\u00fary hriechu n\u00e1s nemusia st\u00e1le vydiera\u0165 a\u00a0tv\u00e1ri\u0165 sa, \u017ee sa ni\u010d nov\u00e9 neudialo. Nem\u00f4\u017eu tvrdi\u0165, \u017ee ke\u010f sme raz boli hrie\u0161ni, tak\u00fdmi sme a\u00a0mus\u00edme zosta\u0165 a sl\u00fa\u017ei\u0165 hriechu \u010falej.<\/p>\n\n\n\n<p>Kristov duch je moc a\u00a0pomoc. Kde Kristus &#8211; tam sloboda! Tam nov\u00fd \u017eivot a\u00a0posv\u00e4tenie. Ak sa aj objavuje recid\u00edva hriechu a\u00a0predes\u00ed to n\u00e1s, na\u0161e okolie, na\u0161ich bl\u00edzkych &#8211;\u00a0nezabudnime, \u017ee Kristovo prijatie a\u00a0pon\u00faknut\u00e1 \u00fa\u010das\u0165 na vl\u00e1de s\u00a0n\u00edm trv\u00e1 a\u00a0ni\u010d ju nezmen\u00ed. Tak\u00fato koal\u00edciu ni\u010d nezni\u010d\u00ed, ak\u00a0Jemu plne ver\u00edme, ak sa k\u00a0Nemu utiekame a\u00a0so\u00a0v\u0161etk\u00fdmi vern\u00fdmi kres\u0165anmi vyzn\u00e1vame: <i>\u201eJemu sl\u00e1va a\u00a0vl\u00e1da na veky vekov\u201d!<\/i><\/p>\n\n\n\n<p>3. Mil\u00ed bratia a&nbsp;sestry!<\/p>\n\n\n\n<p>Vernos\u0165 tejto novej zmluve, novej koal\u00edcii s\u00a0Kristom P\u00e1nom m\u00e1me dok\u00e1za\u0165 slovom i\u00a0skutkom. Predov\u0161etk\u00fdm n\u00e1s m\u00e1 in\u0161pirova\u0165 a\u00a0vies\u0165 to, \u017ee s\u00e1m n\u00e1\u0161 P\u00e1n, Je\u017ei\u0161 Kristus bol vern\u00fdm Bo\u017e\u00edm svedkom na tejto zemi. Neprijal \u017eiadnu ponuku na koal\u00edciu so zlom, s diablom, alebo s hriechom. Diabla v\u017edy demaskoval, hriech ozna\u010dil v\u017edy za hriech, ale \u010dloveka, hrie\u0161nika &#8211; miloval. Bol vern\u00fdm svedkom Bo\u017e\u00edm aj v\u00a0umieran\u00ed i\u00a0smrti a\u00a0preto nielen uvidel sl\u00e1vu neba, ale aj vo\u0161iel do sl\u00e1vy svojej a svojho Otca.<\/p>\n\n\n\n<p>My m\u00e1me by\u0165 tie\u017e vern\u00fdmi svedkami Bo\u017e\u00edmi. To znamen\u00e1 by\u0165 svedkami Je\u017ei\u0161a Krista. On n\u00e1s &#8211; po\u010dn\u00fac od dvan\u00e1stich u\u010den\u00edkov &#8211; povol\u00e1va k&nbsp;svedeckej slu\u017ebe a&nbsp;k neseniu Jeho evanjelia svetu. Cirkvi Kristovej nesmie ch\u00fdba\u0165 prorock\u00fd hlas, ktor\u00fd je s\u00fa\u010dasne hlasom apo\u0161tolsk\u00fdm, lebo je hlasom Bo\u017e\u00edm a&nbsp;Kristov\u00fdm. Nesmieme sa necha\u0165 ani zastra\u0161i\u0165, ani odradi\u0165 v snahe by\u0165 hlasom n\u00e1\u0161ho P\u00e1na. By\u0165 Jeho svedkom a svedkom pre n\u00e1s z\u00edskanej slobody. Apo\u0161tol J\u00e1n sved\u010d\u00ed a&nbsp;pripom\u00edna, \u017ee On, prvoroden\u00fd z&nbsp;m\u0155tvych chce, aby sme vykon\u00e1vali aj Jeho kr\u00e1\u013eovsk\u00fd a&nbsp;k\u0148azsk\u00fd \u00farad.&nbsp;V&nbsp;pr\u00e1cach n\u00e1\u0161ho povolania, v&nbsp;na\u0161om vz\u0165ahu k&nbsp;bl\u00ed\u017enym po\u010dn\u00fac od najbli\u017e\u0161\u00edch, v\u0161etci m\u00e1me svedeck\u00fa \u00falohu. \u00dalohu kr\u00e1\u013eovsk\u00fa &#8211; toti\u017e \u00falohu k\u00e1\u013eovskej obrany pred ka\u017ed\u00fdm hriechom, zlom, neslobodou a&nbsp;mocnos\u0165ami zla. Z\u00e1rove\u0148 m\u00e1me i&nbsp;\u00falohu k\u0148azsk\u00fa &#8211; \u00falohu modli\u0165 sa jedeni za druh\u00fdch a&nbsp;trvalo dobrore\u010di\u0165 n\u00e1\u0161mu P\u00e1novi.<\/p>\n\n\n\n<p>Bratia sestry!<\/p>\n\n\n\n<p>V&nbsp;\u00favode som spomenul dve kr\u00e1tke&nbsp;uk\u00e1\u017eky, ako je to mo\u017en\u00e9 robi\u0165. Je d\u00f4le\u017eit\u00e9 neml\u010da\u0165 a hovori\u0165. Je v nich&nbsp; poukaz na to,&nbsp;ako by\u0165 Kristov\u00fdm svedkom aj vtedy, ke\u010f mnoh\u00ed ostatn\u00ed okolo n\u00e1s aj na Ve\u013ek\u00fa Noc bu\u010f ml\u010dia, alebo sa iba nech\u00e1vaj\u00fa strh\u00e1va\u0165 pr\u00fadom novopohanstva. Preto dnes i v\u017edycky volajme: <i>Jemu &#8211;&nbsp; vern\u00e9mu Bo\u017eiemu slu\u017eobn\u00edkovi a&nbsp;svedkovi, prvoroden\u00e9mu z&nbsp;m\u0155tvych, P\u00e1novi p\u00e1nov a&nbsp;Kr\u00e1\u013eovi kr\u00e1\u013eov sl\u00e1va a&nbsp;vl\u00e1da naveky, vekov!<\/i> Amen.<\/p>\n\n\n\n<ol class=\"wp-block-list\">\n<li><i>nede\u013ea po Ve\u013ekej Noci &#8211; Soboti\u0161te 2008\u00a0 &#8211;\u00a0 Mgr. \u013dubom\u00edr Batka<\/i><\/li>\n<\/ol>\n","protected":false},"excerpt":{"rendered":"<p>Zj 1, 4 &#8211; 8: \u201cJ\u00e1n siedmim cirkevn\u00fdm zborom v \u00c1zii: Milos\u0165 v\u00e1m a pokoj od Toho,ktor\u00fd je, ktor\u00fd bola ktor\u00fd pr\u00edde, aj od siedmich duchov, ktor\u00ed s\u00fa pred Jeho tr\u00f3nom, (5) a od Je\u017ei\u0161a Krista, vern\u00e9ho svedka, prvoroden\u00e9ho z m\u0155tvych a vlad\u00e1ra zemsk\u00fdch kr\u00e1\u013eov. Jemu, ktor\u00fd n\u00e1s miluje, ktor\u00fd n\u00e1s svojou krvou oslobodil od &#8230; <a title=\"V\u00edtame vzkriesen\u00e9ho P\u00e1na\" class=\"read-more\" href=\"https:\/\/www.e-anjelik.sk\/index.php\/2016\/04\/09\/vitame-vzkrieseneho-pana\/\" aria-label=\"Pre\u010d\u00edtajte si viac o V\u00edtame vzkriesen\u00e9ho P\u00e1na\">\u010c\u00edta\u0165 viac<\/a><\/p>\n","protected":false},"author":4,"featured_media":0,"comment_status":"open","ping_status":"closed","sticky":false,"template":"","format":"standard","meta":{"footnotes":""},"categories":[553,121,95,77],"tags":[],"class_list":["post-30375","post","type-post","status-publish","format-standard","hentry","category-1-nedela-po-velkej-noci","category-kazne","category-sobotiste","category-velka-noc"],"_links":{"self":[{"href":"https:\/\/www.e-anjelik.sk\/index.php\/wp-json\/wp\/v2\/posts\/30375","targetHints":{"allow":["GET"]}}],"collection":[{"href":"https:\/\/www.e-anjelik.sk\/index.php\/wp-json\/wp\/v2\/posts"}],"about":[{"href":"https:\/\/www.e-anjelik.sk\/index.php\/wp-json\/wp\/v2\/types\/post"}],"author":[{"embeddable":true,"href":"https:\/\/www.e-anjelik.sk\/index.php\/wp-json\/wp\/v2\/users\/4"}],"replies":[{"embeddable":true,"href":"https:\/\/www.e-anjelik.sk\/index.php\/wp-json\/wp\/v2\/comments?post=30375"}],"version-history":[{"count":2,"href":"https:\/\/www.e-anjelik.sk\/index.php\/wp-json\/wp\/v2\/posts\/30375\/revisions"}],"predecessor-version":[{"id":38499,"href":"https:\/\/www.e-anjelik.sk\/index.php\/wp-json\/wp\/v2\/posts\/30375\/revisions\/38499"}],"wp:attachment":[{"href":"https:\/\/www.e-anjelik.sk\/index.php\/wp-json\/wp\/v2\/media?parent=30375"}],"wp:term":[{"taxonomy":"category","embeddable":true,"href":"https:\/\/www.e-anjelik.sk\/index.php\/wp-json\/wp\/v2\/categories?post=30375"},{"taxonomy":"post_tag","embeddable":true,"href":"https:\/\/www.e-anjelik.sk\/index.php\/wp-json\/wp\/v2\/tags?post=30375"}],"curies":[{"name":"wp","href":"https:\/\/api.w.org\/{rel}","templated":true}]}}