{"id":30393,"date":"2016-04-12T11:02:42","date_gmt":"2016-04-12T09:02:42","guid":{"rendered":"http:\/\/www.evanjelik.sk\/?p=30393"},"modified":"2019-02-22T15:26:26","modified_gmt":"2019-02-22T14:26:26","slug":"okolo-20-novych-kantorov-v-madarsku","status":"publish","type":"post","link":"https:\/\/www.e-anjelik.sk\/index.php\/2016\/04\/12\/okolo-20-novych-kantorov-v-madarsku\/","title":{"rendered":"Okolo 20 nov\u00fdch kantorov v Ma\u010farsku"},"content":{"rendered":"<p>V sobotu 9. apr\u00edla 2016 na z\u00e1ver zimn\u00e9ho vzdel\u00e1vacieho kurzu konali sa v In\u0161tit\u00fate pre vzdel\u00e1vanie kantorov vo F\u00f3te&nbsp; Evanjelickej cirkvi v MR&nbsp;z\u00e1vere\u010dn\u00e9 sk\u00fa\u0161ky, ktor\u00e9 \u00faspe\u0161ne vykonalo do 20 os\u00f4b. Stali sa tak pomocn\u00fdmi i riadnymi kantormi a obdr\u017eali vysved\u010denia a osved\u010denia o vzdelan\u00ed. Pred t\u00fdmto aktom senior Adam Mekis posv\u00e4til tamoj\u0161\u00ed organ, ktor\u00fd bol elektrifikovan\u00fd.<\/p>\n<p>(www.evangelikus.hu)<\/p>\n","protected":false},"excerpt":{"rendered":"<p>V sobotu 9. apr\u00edla 2016 na z\u00e1ver zimn\u00e9ho vzdel\u00e1vacieho kurzu konali sa v In\u0161tit\u00fate pre vzdel\u00e1vanie kantorov vo F\u00f3te&nbsp; Evanjelickej cirkvi v MR&nbsp;z\u00e1vere\u010dn\u00e9 sk\u00fa\u0161ky, ktor\u00e9 \u00faspe\u0161ne vykonalo do 20 os\u00f4b. Stali sa tak pomocn\u00fdmi i riadnymi kantormi a obdr\u017eali vysved\u010denia a osved\u010denia o vzdelan\u00ed. Pred t\u00fdmto aktom senior Adam Mekis posv\u00e4til tamoj\u0161\u00ed organ, ktor\u00fd bol &#8230; <a title=\"Okolo 20 nov\u00fdch kantorov v Ma\u010farsku\" class=\"read-more\" href=\"https:\/\/www.e-anjelik.sk\/index.php\/2016\/04\/12\/okolo-20-novych-kantorov-v-madarsku\/\" aria-label=\"Pre\u010d\u00edtajte si viac o Okolo 20 nov\u00fdch kantorov v Ma\u010farsku\">\u010c\u00edta\u0165 viac<\/a><\/p>\n","protected":false},"author":2,"featured_media":0,"comment_status":"open","ping_status":"closed","sticky":false,"template":"","format":"standard","meta":{"footnotes":""},"categories":[4,9,73,98,82],"tags":[],"class_list":["post-30393","post","type-post","status-publish","format-standard","hentry","category-akcie","category-europa","category-ecav","category-kantori","category-madarsko"],"_links":{"self":[{"href":"https:\/\/www.e-anjelik.sk\/index.php\/wp-json\/wp\/v2\/posts\/30393","targetHints":{"allow":["GET"]}}],"collection":[{"href":"https:\/\/www.e-anjelik.sk\/index.php\/wp-json\/wp\/v2\/posts"}],"about":[{"href":"https:\/\/www.e-anjelik.sk\/index.php\/wp-json\/wp\/v2\/types\/post"}],"author":[{"embeddable":true,"href":"https:\/\/www.e-anjelik.sk\/index.php\/wp-json\/wp\/v2\/users\/2"}],"replies":[{"embeddable":true,"href":"https:\/\/www.e-anjelik.sk\/index.php\/wp-json\/wp\/v2\/comments?post=30393"}],"version-history":[{"count":1,"href":"https:\/\/www.e-anjelik.sk\/index.php\/wp-json\/wp\/v2\/posts\/30393\/revisions"}],"predecessor-version":[{"id":32360,"href":"https:\/\/www.e-anjelik.sk\/index.php\/wp-json\/wp\/v2\/posts\/30393\/revisions\/32360"}],"wp:attachment":[{"href":"https:\/\/www.e-anjelik.sk\/index.php\/wp-json\/wp\/v2\/media?parent=30393"}],"wp:term":[{"taxonomy":"category","embeddable":true,"href":"https:\/\/www.e-anjelik.sk\/index.php\/wp-json\/wp\/v2\/categories?post=30393"},{"taxonomy":"post_tag","embeddable":true,"href":"https:\/\/www.e-anjelik.sk\/index.php\/wp-json\/wp\/v2\/tags?post=30393"}],"curies":[{"name":"wp","href":"https:\/\/api.w.org\/{rel}","templated":true}]}}