{"id":3044,"date":"2010-09-25T10:52:21","date_gmt":"2010-09-25T10:52:21","guid":{"rendered":"http:\/\/e-anjelik.sk\/?p=3044"},"modified":"2010-09-25T10:52:21","modified_gmt":"2010-09-25T10:52:21","slug":"ekd-a-evanjelikali-kritizuju-planovane-vysielanie-v-rtl","status":"publish","type":"post","link":"https:\/\/www.e-anjelik.sk\/index.php\/2010\/09\/25\/ekd-a-evanjelikali-kritizuju-planovane-vysielanie-v-rtl\/","title":{"rendered":"EKD a evanjelik\u00e1li kritizuj\u00fa pl\u00e1novan\u00e9 vysielanie v RTL"},"content":{"rendered":"<p>EKD a evanjelik&aacute;li v Nemecku kritizuj&uacute; s&uacute;kromn&yacute; Tv vysiela\u010d v Kol&iacute;ne RTL pre pl&aacute;novan&eacute; vysielanie &scaron;vaj\u010diarskej jasnovidky Kim Anne Janes, ktor&aacute; 31. 10. 2010 vo ve\u010dernom vysielan&iacute; chce nadviaza\u0165 rozhovor s CD&Uacute; politikom Uwe Barschelom, ktor&yacute; za z&aacute;hadn&yacute;ch okolnost&iacute; umrel pred 23 rokmi. Jeho vdova chce pozna\u0165 pr&iacute;\u010diny a okolnost&iacute; tajomn&eacute;ho &uacute;mrtia. EKD kritizuje term&iacute;n vysielania &#8211; Pamiatku reform&aacute;cie a evanjelik&aacute;li to naz&yacute;vaj&uacute; \u010dist&yacute;m &scaron;piritistizmom,ktor&yacute; odporuje duchu P&iacute;sma.<\/p>\n<p>(<a href=\"http:\/\/www.idea.de\">www.idea.de<\/a>)<\/p>\n<p>&nbsp;<\/p>\n","protected":false},"excerpt":{"rendered":"<p>EKD a evanjelik&aacute;li v Nemecku kritizuj&uacute; s&uacute;kromn&yacute; Tv vysiela\u010d v Kol&iacute;ne RTL pre pl&aacute;novan&eacute; vysielanie &scaron;vaj\u010diarskej jasnovidky Kim Anne Janes, ktor&aacute; 31. 10. 2010 vo ve\u010dernom vysielan&iacute; chce nadviaza\u0165 rozhovor s CD&Uacute; politikom Uwe Barschelom, ktor&yacute; za z&aacute;hadn&yacute;ch okolnost&iacute; umrel pred 23 rokmi. Jeho vdova chce pozna\u0165 pr&iacute;\u010diny a okolnost&iacute; tajomn&eacute;ho &uacute;mrtia. EKD kritizuje term&iacute;n &#8230; <a title=\"EKD a evanjelik\u00e1li kritizuj\u00fa pl\u00e1novan\u00e9 vysielanie v RTL\" class=\"read-more\" href=\"https:\/\/www.e-anjelik.sk\/index.php\/2010\/09\/25\/ekd-a-evanjelikali-kritizuju-planovane-vysielanie-v-rtl\/\" aria-label=\"Pre\u010d\u00edtajte si viac o EKD a evanjelik\u00e1li kritizuj\u00fa pl\u00e1novan\u00e9 vysielanie v RTL\">\u010c\u00edta\u0165 viac<\/a><\/p>\n","protected":false},"author":22,"featured_media":0,"comment_status":"open","ping_status":"open","sticky":false,"template":"","format":"standard","meta":{"footnotes":""},"categories":[9,10],"tags":[],"class_list":["post-3044","post","type-post","status-publish","format-standard","hentry","category-europa","category-zo-sveta"],"_links":{"self":[{"href":"https:\/\/www.e-anjelik.sk\/index.php\/wp-json\/wp\/v2\/posts\/3044","targetHints":{"allow":["GET"]}}],"collection":[{"href":"https:\/\/www.e-anjelik.sk\/index.php\/wp-json\/wp\/v2\/posts"}],"about":[{"href":"https:\/\/www.e-anjelik.sk\/index.php\/wp-json\/wp\/v2\/types\/post"}],"author":[{"embeddable":true,"href":"https:\/\/www.e-anjelik.sk\/index.php\/wp-json\/wp\/v2\/users\/22"}],"replies":[{"embeddable":true,"href":"https:\/\/www.e-anjelik.sk\/index.php\/wp-json\/wp\/v2\/comments?post=3044"}],"version-history":[{"count":0,"href":"https:\/\/www.e-anjelik.sk\/index.php\/wp-json\/wp\/v2\/posts\/3044\/revisions"}],"wp:attachment":[{"href":"https:\/\/www.e-anjelik.sk\/index.php\/wp-json\/wp\/v2\/media?parent=3044"}],"wp:term":[{"taxonomy":"category","embeddable":true,"href":"https:\/\/www.e-anjelik.sk\/index.php\/wp-json\/wp\/v2\/categories?post=3044"},{"taxonomy":"post_tag","embeddable":true,"href":"https:\/\/www.e-anjelik.sk\/index.php\/wp-json\/wp\/v2\/tags?post=3044"}],"curies":[{"name":"wp","href":"https:\/\/api.w.org\/{rel}","templated":true}]}}