{"id":30461,"date":"2016-04-30T13:44:13","date_gmt":"2016-04-30T11:44:13","guid":{"rendered":"http:\/\/www.evanjelik.sk\/?p=30461"},"modified":"2019-02-22T15:26:26","modified_gmt":"2019-02-22T14:26:26","slug":"4-generalna-synoda-elkras","status":"publish","type":"post","link":"https:\/\/www.e-anjelik.sk\/index.php\/2016\/04\/30\/4-generalna-synoda-elkras\/","title":{"rendered":"4. gener\u00e1lna synoda ELKRAS"},"content":{"rendered":"<p>Rok 2016 je pre dejiny evanjelikov v Rusku \u00a0ve\u013emi v\u00fdznamn\u00fd. Uplynulo 440 rokov od jestvovania luteranizmu v Rusku. Aj napriek v\u0161eli\u010domu, \u010do sa za toto obdobie udialo, zves\u0165 Bo\u017eieho slova trv\u00e1 dodnes. Tento rok bol v tejto cirkvi vyhl\u00e1sen\u00fd ako Rok rodiny pod heslom Iz 66,13.<\/p>\n<p>22. apr\u00edla t.t. sa v katedr\u00e1le\u00a0 sv.Petra a sv.\u00a0Pavla konala gener\u00e1lna synoda tretieho volebn\u00e9ho obdobia ELKRAS.\u00a020 deleg\u00e1tov schv\u00e1lilo jednomyse\u013ene rozhodnutie o zaveden\u00ed zmien do \u0161tat\u00fatu ELKRAS. Zmeny sa t\u00fdkaj\u00fa \u0161trukt\u00fary ELKRAS, zlo\u017eenia gener\u00e1lneho konzist\u00f3ria, nov\u00e9ho pomenovania teologick\u00e9ho semin\u00e1ra a nov\u00e9ho n\u00e1zvu cirkvi , ako aj pou\u017e\u00edvanie embl\u00e9mu Lutherovej ru\u017ee a so\u0161ky anjela s kr\u00ed\u017eom, ktor\u00e1 je na prie\u010del\u00ed budovy\u00a0 luter\u00e1nskej katedr\u00e1ly\u00a0 v Petrohrade. Okrem in\u00fdch rozhodnut\u00ed synody boli aj ot\u00e1zky vyu\u017e\u00edvania a udr\u017eania nehnute\u013enost\u00ed. Nov\u00fd n\u00e1zov cirkvi je Evanjelicko-luter\u00e1nska cirkev Ruska.<\/p>\n<p>(www.elkras.ru)<\/p>\n<p><img decoding=\"async\" src=\"http:\/\/www.elkras.ru\/UserFiles\/Image\/moskau(1)(15).jpg\" alt=\"\" \/>\u00a0\u00a0 Deleg\u00e1ti gener\u00e1lnej synody<\/p>\n","protected":false},"excerpt":{"rendered":"<p>Rok 2016 je pre dejiny evanjelikov v Rusku \u00a0ve\u013emi v\u00fdznamn\u00fd. Uplynulo 440 rokov od jestvovania luteranizmu v Rusku. Aj napriek v\u0161eli\u010domu, \u010do sa za toto obdobie udialo, zves\u0165 Bo\u017eieho slova trv\u00e1 dodnes. Tento rok bol v tejto cirkvi vyhl\u00e1sen\u00fd ako Rok rodiny pod heslom Iz 66,13. 22. apr\u00edla t.t. sa v katedr\u00e1le\u00a0 sv.Petra a sv.\u00a0Pavla &#8230; <a title=\"4. gener\u00e1lna synoda ELKRAS\" class=\"read-more\" href=\"https:\/\/www.e-anjelik.sk\/index.php\/2016\/04\/30\/4-generalna-synoda-elkras\/\" aria-label=\"Pre\u010d\u00edtajte si viac o 4. gener\u00e1lna synoda ELKRAS\">\u010c\u00edta\u0165 viac<\/a><\/p>\n","protected":false},"author":2,"featured_media":0,"comment_status":"open","ping_status":"closed","sticky":false,"template":"","format":"standard","meta":{"footnotes":""},"categories":[73,22,35,104],"tags":[],"class_list":["post-30461","post","type-post","status-publish","format-standard","hentry","category-ecav","category-evanjelicka-identita","category-rusko-a-ine","category-synoda"],"_links":{"self":[{"href":"https:\/\/www.e-anjelik.sk\/index.php\/wp-json\/wp\/v2\/posts\/30461","targetHints":{"allow":["GET"]}}],"collection":[{"href":"https:\/\/www.e-anjelik.sk\/index.php\/wp-json\/wp\/v2\/posts"}],"about":[{"href":"https:\/\/www.e-anjelik.sk\/index.php\/wp-json\/wp\/v2\/types\/post"}],"author":[{"embeddable":true,"href":"https:\/\/www.e-anjelik.sk\/index.php\/wp-json\/wp\/v2\/users\/2"}],"replies":[{"embeddable":true,"href":"https:\/\/www.e-anjelik.sk\/index.php\/wp-json\/wp\/v2\/comments?post=30461"}],"version-history":[{"count":1,"href":"https:\/\/www.e-anjelik.sk\/index.php\/wp-json\/wp\/v2\/posts\/30461\/revisions"}],"predecessor-version":[{"id":32358,"href":"https:\/\/www.e-anjelik.sk\/index.php\/wp-json\/wp\/v2\/posts\/30461\/revisions\/32358"}],"wp:attachment":[{"href":"https:\/\/www.e-anjelik.sk\/index.php\/wp-json\/wp\/v2\/media?parent=30461"}],"wp:term":[{"taxonomy":"category","embeddable":true,"href":"https:\/\/www.e-anjelik.sk\/index.php\/wp-json\/wp\/v2\/categories?post=30461"},{"taxonomy":"post_tag","embeddable":true,"href":"https:\/\/www.e-anjelik.sk\/index.php\/wp-json\/wp\/v2\/tags?post=30461"}],"curies":[{"name":"wp","href":"https:\/\/api.w.org\/{rel}","templated":true}]}}