{"id":3047,"date":"2010-09-27T09:36:13","date_gmt":"2010-09-27T09:36:13","guid":{"rendered":"http:\/\/e-anjelik.sk\/?p=3047"},"modified":"2010-09-27T09:36:13","modified_gmt":"2010-09-27T09:36:13","slug":"75-rokov-cinnosti-evanjelickeho-zdruzenia-muzov-mannerwerk-vo-wurttembersku","status":"publish","type":"post","link":"https:\/\/www.e-anjelik.sk\/index.php\/2010\/09\/27\/75-rokov-cinnosti-evanjelickeho-zdruzenia-muzov-mannerwerk-vo-wurttembersku\/","title":{"rendered":"75 rokov \u010dinnosti Evanjelick\u00e9ho zdru\u017eenia mu\u017eov (M\u00e4nnerwerk) vo W\u00fcrttembersku"},"content":{"rendered":"<p>V nede\u013eu 2. okt. t.r. si v Stuttgarte pripomen&uacute; sl&aacute;vnostn&yacute;mi slu\u017ebami Bo\u017e&iacute;mi v kostole Paula Gerhardta 75. v&yacute;ro\u010die zalo\u017eenia Evanjelick&eacute;ho zdru\u017eenia&nbsp;mu\u017eov v tejto spolkovej krajine. K&aacute;za\u0165 bude biskup cirkvi F.O. July. Po bohoslu\u017eb&aacute;ch bude predstaven&aacute; doteraj&scaron;ia \u010dinnos\u0165 zdru\u017eenia a p&oacute;diov&aacute; diskusia k t&eacute;me &uacute;\u010dasti mu\u017eov a \u017eien v pr&aacute;ci cirkvi. S&uacute;\u010dasne uved&uacute; do &uacute;radu nov&eacute;ho predsedu tohto zdru\u017eenia Hansa Kahlaua.<\/p>\n<p>(<a href=\"http:\/\/www.elk-wue.de\">www.elk-wue.de<\/a>)<\/p>\n","protected":false},"excerpt":{"rendered":"<p>V nede\u013eu 2. okt. t.r. si v Stuttgarte pripomen&uacute; sl&aacute;vnostn&yacute;mi slu\u017ebami Bo\u017e&iacute;mi v kostole Paula Gerhardta 75. v&yacute;ro\u010die zalo\u017eenia Evanjelick&eacute;ho zdru\u017eenia&nbsp;mu\u017eov v tejto spolkovej krajine. K&aacute;za\u0165 bude biskup cirkvi F.O. July. Po bohoslu\u017eb&aacute;ch bude predstaven&aacute; doteraj&scaron;ia \u010dinnos\u0165 zdru\u017eenia a p&oacute;diov&aacute; diskusia k t&eacute;me &uacute;\u010dasti mu\u017eov a \u017eien v pr&aacute;ci cirkvi. S&uacute;\u010dasne uved&uacute; do &uacute;radu nov&eacute;ho &#8230; <a title=\"75 rokov \u010dinnosti Evanjelick\u00e9ho zdru\u017eenia mu\u017eov (M\u00e4nnerwerk) vo W\u00fcrttembersku\" class=\"read-more\" href=\"https:\/\/www.e-anjelik.sk\/index.php\/2010\/09\/27\/75-rokov-cinnosti-evanjelickeho-zdruzenia-muzov-mannerwerk-vo-wurttembersku\/\" aria-label=\"Pre\u010d\u00edtajte si viac o 75 rokov \u010dinnosti Evanjelick\u00e9ho zdru\u017eenia mu\u017eov (M\u00e4nnerwerk) vo W\u00fcrttembersku\">\u010c\u00edta\u0165 viac<\/a><\/p>\n","protected":false},"author":22,"featured_media":0,"comment_status":"open","ping_status":"open","sticky":false,"template":"","format":"standard","meta":{"footnotes":""},"categories":[9,10],"tags":[],"class_list":["post-3047","post","type-post","status-publish","format-standard","hentry","category-europa","category-zo-sveta"],"_links":{"self":[{"href":"https:\/\/www.e-anjelik.sk\/index.php\/wp-json\/wp\/v2\/posts\/3047","targetHints":{"allow":["GET"]}}],"collection":[{"href":"https:\/\/www.e-anjelik.sk\/index.php\/wp-json\/wp\/v2\/posts"}],"about":[{"href":"https:\/\/www.e-anjelik.sk\/index.php\/wp-json\/wp\/v2\/types\/post"}],"author":[{"embeddable":true,"href":"https:\/\/www.e-anjelik.sk\/index.php\/wp-json\/wp\/v2\/users\/22"}],"replies":[{"embeddable":true,"href":"https:\/\/www.e-anjelik.sk\/index.php\/wp-json\/wp\/v2\/comments?post=3047"}],"version-history":[{"count":0,"href":"https:\/\/www.e-anjelik.sk\/index.php\/wp-json\/wp\/v2\/posts\/3047\/revisions"}],"wp:attachment":[{"href":"https:\/\/www.e-anjelik.sk\/index.php\/wp-json\/wp\/v2\/media?parent=3047"}],"wp:term":[{"taxonomy":"category","embeddable":true,"href":"https:\/\/www.e-anjelik.sk\/index.php\/wp-json\/wp\/v2\/categories?post=3047"},{"taxonomy":"post_tag","embeddable":true,"href":"https:\/\/www.e-anjelik.sk\/index.php\/wp-json\/wp\/v2\/tags?post=3047"}],"curies":[{"name":"wp","href":"https:\/\/api.w.org\/{rel}","templated":true}]}}