{"id":30484,"date":"2016-05-06T09:51:32","date_gmt":"2016-05-06T07:51:32","guid":{"rendered":"http:\/\/www.evanjelik.sk\/?p=30484"},"modified":"2019-02-22T15:26:26","modified_gmt":"2019-02-22T14:26:26","slug":"bludne-ucenie-biskupa-ulricha-v-nemecku","status":"publish","type":"post","link":"https:\/\/www.e-anjelik.sk\/index.php\/2016\/05\/06\/bludne-ucenie-biskupa-ulricha-v-nemecku\/","title":{"rendered":"Bludn\u00e9 u\u010denie biskupa Ulricha v Nemecku"},"content":{"rendered":"<p>Far\u00e1r Jochen Teuffel v cirkevnom zbore Voehringen\/Iller zak\u00e1zal k\u00e1za\u0165\u00a0 ved\u00facemu biskupovi VELKD a krajinsk\u00e9mu biskupovi zo Schwerinu Gerhardovi Ulrichovi\u00a0 v kostole tohto cirkevn\u00e9ho zboru. D\u00f4vodom je biskupovo \u00a0ve\u013ekono\u010dn\u00e9 posolstvo uverejnen\u00e9 v novin\u00e1ch Evangelische Zeitung z 27. marca t. r. Biskup tam o .i. p\u00edsal: &#8220; Je\u017ei\u0161, Bo\u017e\u00ed mu\u017e a majster, je m\u0155tvy. Jeho telo zaniklo ako zanikne ka\u017ed\u00e9 \u013eudsk\u00e9 telo. Ale to, \u010do v \u0148om bolo bo\u017esk\u00e9, jeho vec, jeho zanietenie pre\u00a0 skuto\u010dn\u00fd \u017eivot, to nie je m\u0155tve. Je \u017eiv\u00e9, ak vy &#8211; nasledovn\u00edci a nasledovn\u00ed\u010dky tak chcete. &#8220; Far\u00e1r biskupa viac razy v listoch upozornil, \u017ee tak\u00e1to zves\u0165\u00a0 je\u00a0v rozpore s evanjeliom a s u\u010den\u00edm evanjelickej cirkvi. Vyzval Ulricha tieto v\u00fdroky ako kres\u0165ansky falo\u0161n\u00e9 vo v\u0161etk\u00fdch form\u00e1ch odvola\u0165 a s\u00fa\u010dasne vyzna\u0165 , \u017ee Je\u017ei\u0161 Kristus je vtelen\u00fd Bo\u017e\u00ed Syn.<\/p>\n<p>(www.idea.de)<\/p>\n","protected":false},"excerpt":{"rendered":"<p>Far\u00e1r Jochen Teuffel v cirkevnom zbore Voehringen\/Iller zak\u00e1zal k\u00e1za\u0165\u00a0 ved\u00facemu biskupovi VELKD a krajinsk\u00e9mu biskupovi zo Schwerinu Gerhardovi Ulrichovi\u00a0 v kostole tohto cirkevn\u00e9ho zboru. D\u00f4vodom je biskupovo \u00a0ve\u013ekono\u010dn\u00e9 posolstvo uverejnen\u00e9 v novin\u00e1ch Evangelische Zeitung z 27. marca t. r. Biskup tam o .i. p\u00edsal: &#8220; Je\u017ei\u0161, Bo\u017e\u00ed mu\u017e a majster, je m\u0155tvy. Jeho telo zaniklo &#8230; <a title=\"Bludn\u00e9 u\u010denie biskupa Ulricha v Nemecku\" class=\"read-more\" href=\"https:\/\/www.e-anjelik.sk\/index.php\/2016\/05\/06\/bludne-ucenie-biskupa-ulricha-v-nemecku\/\" aria-label=\"Pre\u010d\u00edtajte si viac o Bludn\u00e9 u\u010denie biskupa Ulricha v Nemecku\">\u010c\u00edta\u0165 viac<\/a><\/p>\n","protected":false},"author":2,"featured_media":0,"comment_status":"open","ping_status":"closed","sticky":false,"template":"","format":"standard","meta":{"footnotes":""},"categories":[49,9,73,38,107],"tags":[],"class_list":["post-30484","post","type-post","status-publish","format-standard","hentry","category-biblia","category-europa","category-ecav","category-pravoverne-ucenie","category-velkd"],"_links":{"self":[{"href":"https:\/\/www.e-anjelik.sk\/index.php\/wp-json\/wp\/v2\/posts\/30484","targetHints":{"allow":["GET"]}}],"collection":[{"href":"https:\/\/www.e-anjelik.sk\/index.php\/wp-json\/wp\/v2\/posts"}],"about":[{"href":"https:\/\/www.e-anjelik.sk\/index.php\/wp-json\/wp\/v2\/types\/post"}],"author":[{"embeddable":true,"href":"https:\/\/www.e-anjelik.sk\/index.php\/wp-json\/wp\/v2\/users\/2"}],"replies":[{"embeddable":true,"href":"https:\/\/www.e-anjelik.sk\/index.php\/wp-json\/wp\/v2\/comments?post=30484"}],"version-history":[{"count":1,"href":"https:\/\/www.e-anjelik.sk\/index.php\/wp-json\/wp\/v2\/posts\/30484\/revisions"}],"predecessor-version":[{"id":32356,"href":"https:\/\/www.e-anjelik.sk\/index.php\/wp-json\/wp\/v2\/posts\/30484\/revisions\/32356"}],"wp:attachment":[{"href":"https:\/\/www.e-anjelik.sk\/index.php\/wp-json\/wp\/v2\/media?parent=30484"}],"wp:term":[{"taxonomy":"category","embeddable":true,"href":"https:\/\/www.e-anjelik.sk\/index.php\/wp-json\/wp\/v2\/categories?post=30484"},{"taxonomy":"post_tag","embeddable":true,"href":"https:\/\/www.e-anjelik.sk\/index.php\/wp-json\/wp\/v2\/tags?post=30484"}],"curies":[{"name":"wp","href":"https:\/\/api.w.org\/{rel}","templated":true}]}}