{"id":3049,"date":"2010-09-28T07:46:33","date_gmt":"2010-09-28T07:46:33","guid":{"rendered":"http:\/\/e-anjelik.sk\/?p=3049"},"modified":"2010-09-28T07:46:33","modified_gmt":"2010-09-28T07:46:33","slug":"tri-kratke-spravy-z-madarska","status":"publish","type":"post","link":"https:\/\/www.e-anjelik.sk\/index.php\/2010\/09\/28\/tri-kratke-spravy-z-madarska\/","title":{"rendered":"Tri kr\u00e1tke spr\u00e1vy z Ma\u010farska"},"content":{"rendered":"<p>*27. septembra t.r. v Budape&scaron;ti &uacute;radne prijal ev.biskup Fabiny Tam&aacute;s ,zodpovedn&yacute; za m&eacute;di&aacute; a zahrani\u010dn&eacute; vz\u0165ahy, medi&aacute;lneho radcu&nbsp;zo SLZ &#8211;&nbsp;f&iacute;nskeho p&ocirc;vodu &#8211; Jukka Latva- Hakuni-ho. Na prijat&iacute; boli pr&iacute;tomn&iacute; aj \u010fal&scaron;&iacute; pracovn&iacute;ci cirkvi z oblasti m&eacute;di&iacute;. Biskup hos\u0165a informoval o medi&aacute;lnych v&yacute;stupoch ev. cirkvi. Hos\u0165 naopak informoval o kominika\u010dn&yacute;ch sie\u0165ach SLZ a o svojich vlastn&yacute;ch sk&uacute;senostiach v tejto pr&aacute;ci. Poobede odi&scaron;iel do Evanjelick&eacute;ho misijn&eacute;ho strediska , kde sa podrobne zauj&iacute;mal o pr&aacute;cu rozhlasovej misie.<\/p>\n<p>* 24. -27. septembra t.r. sa v Konferen\u010dnom stredisku ev. cirkvi v&nbsp;Balatonsz&aacute;rsz&oacute; zi&scaron;li man\u017eelky ev. duchovn&yacute;ch, ktor&eacute; akt&iacute;vne pracuj&uacute; v cirkvi, aby tu upevnili vz&aacute;jomn&eacute;&nbsp;spolo\u010denstvo , duchovne sa povzbudili&nbsp;a&nbsp;spolo\u010dne relaxovali.<\/p>\n<p>* V nede\u013eu poobede 26. septembra t.r. sa spolo\u010dn&yacute;mi ekumenick&yacute;mi bohoslu\u017ebami za\u010dal t&yacute;\u017ede\u0148 ochrany stvorenstva. Slu\u017eby Bo\u017eie sa konali v cisterciatskom kostole sv. Imricha&nbsp;v Bud&iacute;ne. T&yacute;\u017ede\u0148 ochrany pr&iacute;rody organizuj&uacute; tri historick&eacute; cirkvi v MR: r&iacute;mskokatol&iacute;cka, evanjelick&aacute; a reformovan&aacute;.<\/p>\n<p>(<a href=\"http:\/\/www.evangelikus.hu\">www.evangelikus.hu<\/a>)<\/p>\n","protected":false},"excerpt":{"rendered":"<p>*27. septembra t.r. v Budape&scaron;ti &uacute;radne prijal ev.biskup Fabiny Tam&aacute;s ,zodpovedn&yacute; za m&eacute;di&aacute; a zahrani\u010dn&eacute; vz\u0165ahy, medi&aacute;lneho radcu&nbsp;zo SLZ &#8211;&nbsp;f&iacute;nskeho p&ocirc;vodu &#8211; Jukka Latva- Hakuni-ho. Na prijat&iacute; boli pr&iacute;tomn&iacute; aj \u010fal&scaron;&iacute; pracovn&iacute;ci cirkvi z oblasti m&eacute;di&iacute;. Biskup hos\u0165a informoval o medi&aacute;lnych v&yacute;stupoch ev. cirkvi. Hos\u0165 naopak informoval o kominika\u010dn&yacute;ch sie\u0165ach SLZ a o svojich vlastn&yacute;ch &#8230; <a title=\"Tri kr\u00e1tke spr\u00e1vy z Ma\u010farska\" class=\"read-more\" href=\"https:\/\/www.e-anjelik.sk\/index.php\/2010\/09\/28\/tri-kratke-spravy-z-madarska\/\" aria-label=\"Pre\u010d\u00edtajte si viac o Tri kr\u00e1tke spr\u00e1vy z Ma\u010farska\">\u010c\u00edta\u0165 viac<\/a><\/p>\n","protected":false},"author":22,"featured_media":0,"comment_status":"open","ping_status":"open","sticky":false,"template":"","format":"standard","meta":{"footnotes":""},"categories":[2],"tags":[200,234],"class_list":["post-3049","post","type-post","status-publish","format-standard","hentry","category-ekumena","tag-sluzby-bozie","tag-zdruzenia-a-skupiny"],"_links":{"self":[{"href":"https:\/\/www.e-anjelik.sk\/index.php\/wp-json\/wp\/v2\/posts\/3049","targetHints":{"allow":["GET"]}}],"collection":[{"href":"https:\/\/www.e-anjelik.sk\/index.php\/wp-json\/wp\/v2\/posts"}],"about":[{"href":"https:\/\/www.e-anjelik.sk\/index.php\/wp-json\/wp\/v2\/types\/post"}],"author":[{"embeddable":true,"href":"https:\/\/www.e-anjelik.sk\/index.php\/wp-json\/wp\/v2\/users\/22"}],"replies":[{"embeddable":true,"href":"https:\/\/www.e-anjelik.sk\/index.php\/wp-json\/wp\/v2\/comments?post=3049"}],"version-history":[{"count":0,"href":"https:\/\/www.e-anjelik.sk\/index.php\/wp-json\/wp\/v2\/posts\/3049\/revisions"}],"wp:attachment":[{"href":"https:\/\/www.e-anjelik.sk\/index.php\/wp-json\/wp\/v2\/media?parent=3049"}],"wp:term":[{"taxonomy":"category","embeddable":true,"href":"https:\/\/www.e-anjelik.sk\/index.php\/wp-json\/wp\/v2\/categories?post=3049"},{"taxonomy":"post_tag","embeddable":true,"href":"https:\/\/www.e-anjelik.sk\/index.php\/wp-json\/wp\/v2\/tags?post=3049"}],"curies":[{"name":"wp","href":"https:\/\/api.w.org\/{rel}","templated":true}]}}