{"id":3050,"date":"2010-09-28T09:43:34","date_gmt":"2010-09-28T09:43:34","guid":{"rendered":"http:\/\/e-anjelik.sk\/?p=3050"},"modified":"2010-09-28T09:43:34","modified_gmt":"2010-09-28T09:43:34","slug":"zacala-gen-synoda-svedskej-cirkvi","status":"publish","type":"post","link":"https:\/\/www.e-anjelik.sk\/index.php\/2010\/09\/28\/zacala-gen-synoda-svedskej-cirkvi\/","title":{"rendered":"Za\u010dala gen. synoda \u0160v\u00e9dskej cirkvi"},"content":{"rendered":"<p>Dnes 28. 9.2010 sa za\u010dalo &scaron;tvord\u0148ov&eacute; zasadnutie prvej \u010dasti gener&aacute;lnej synody &Scaron;v&eacute;dskej cirkvi, najvy&scaron;&scaron;ieho spr&aacute;vneho a z&aacute;konodarn&eacute;ho org&aacute;nu, naz&yacute;van&eacute;ho aj cirkevn&yacute; parlament. Synoda m&aacute; 251 \u010dlenov volen&yacute;ch demokraticky priamo \u010dlenmi cirkvi nad 16 rokov na obdobie &scaron;tyroch rokov.Vlani vo vo\u013eb&aacute;ch bolo vymenen&yacute;ch 119&nbsp; synod&aacute;lov. Synod&aacute;lov volia pod\u013ea pr&iacute;slu&scaron;nosti k politickej strane. Po vla\u0148aj&scaron;&iacute;ch vo\u013eb&aacute;ch je teraj&scaron;ie zlo\u017eenie synody tak&eacute;to:<\/p>\n<p>Soci&aacute;lni demokrati -71; liber&aacute;lni konzervat&iacute;vci&nbsp;&#8211; 41; centristi &#8211; 34; nestran&iacute;ci &#8211; 33; kres\u0165ansk&iacute; demokrati &#8211; 18; \u013eudovci &#8211; 13; odv&aacute;\u017ena cirkev &#8211; 13; zelen&iacute; &#8211; 8; otvoren&aacute; cirkev- 8;&scaron;v&eacute;dski demokrati &#8211; 7; \u013eavica &#8211; 3; cirkevn&eacute; zdru\u017eenie v diec&eacute;zi Visby &#8211; 1;strana seniorov -1.<\/p>\n<p>Synoda dostala na prerokovanie spolu 86 r&ocirc;znych n&aacute;vrhov. Hlavn&yacute;mi ot&aacute;zkami rie&scaron;enia m&aacute; by\u0165 Ve\u010dera P&aacute;nova a podnikanie cirkvi. Niektor&iacute; navrhli, aby bola V.P. pr&iacute;stupn&aacute; aj pre nepokrsten&yacute;ch, \u010falej sa navrhuje, aby sa miesto v&iacute;na pod&aacute;val pri prij&iacute;man&iacute; nealkoholick&yacute; n&aacute;poj a bezlepkov&yacute; chlieb. M&aacute; sa tak umo\u017eni\u0165, aby nik nebol od V.P. odstrkovan&yacute;. Pri podnikan&iacute; chc&uacute; umo\u017eni\u0165 cirkevn&yacute;m zborom zapoji\u0165 sa do asistovan&eacute;ho b&yacute;vania a skupinov&yacute;ch domov. Ve\u010der bude v katedr&aacute;le v Uppsale bohoslu\u017eba, ktor&uacute; povedie arcibiskup A.Wejryd.Pr&iacute;tomn&yacute; bude aj &scaron;v&eacute;dsky kr&aacute;\u013eovsk&yacute; p&aacute;r.<\/p>\n<p>(<a href=\"http:\/\/www.dagen.se\">www.dagen.se<\/a>)<\/p>\n","protected":false},"excerpt":{"rendered":"<p>Dnes 28. 9.2010 sa za\u010dalo &scaron;tvord\u0148ov&eacute; zasadnutie prvej \u010dasti gener&aacute;lnej synody &Scaron;v&eacute;dskej cirkvi, najvy&scaron;&scaron;ieho spr&aacute;vneho a z&aacute;konodarn&eacute;ho org&aacute;nu, naz&yacute;van&eacute;ho aj cirkevn&yacute; parlament. Synoda m&aacute; 251 \u010dlenov volen&yacute;ch demokraticky priamo \u010dlenmi cirkvi nad 16 rokov na obdobie &scaron;tyroch rokov.Vlani vo vo\u013eb&aacute;ch bolo vymenen&yacute;ch 119&nbsp; synod&aacute;lov. Synod&aacute;lov volia pod\u013ea pr&iacute;slu&scaron;nosti k politickej strane. Po vla\u0148aj&scaron;&iacute;ch vo\u013eb&aacute;ch je &#8230; <a title=\"Za\u010dala gen. synoda \u0160v\u00e9dskej cirkvi\" class=\"read-more\" href=\"https:\/\/www.e-anjelik.sk\/index.php\/2010\/09\/28\/zacala-gen-synoda-svedskej-cirkvi\/\" aria-label=\"Pre\u010d\u00edtajte si viac o Za\u010dala gen. synoda \u0160v\u00e9dskej cirkvi\">\u010c\u00edta\u0165 viac<\/a><\/p>\n","protected":false},"author":22,"featured_media":0,"comment_status":"open","ping_status":"open","sticky":false,"template":"","format":"standard","meta":{"footnotes":""},"categories":[42,10],"tags":[],"class_list":["post-3050","post","type-post","status-publish","format-standard","hentry","category-skandinavia","category-zo-sveta"],"_links":{"self":[{"href":"https:\/\/www.e-anjelik.sk\/index.php\/wp-json\/wp\/v2\/posts\/3050","targetHints":{"allow":["GET"]}}],"collection":[{"href":"https:\/\/www.e-anjelik.sk\/index.php\/wp-json\/wp\/v2\/posts"}],"about":[{"href":"https:\/\/www.e-anjelik.sk\/index.php\/wp-json\/wp\/v2\/types\/post"}],"author":[{"embeddable":true,"href":"https:\/\/www.e-anjelik.sk\/index.php\/wp-json\/wp\/v2\/users\/22"}],"replies":[{"embeddable":true,"href":"https:\/\/www.e-anjelik.sk\/index.php\/wp-json\/wp\/v2\/comments?post=3050"}],"version-history":[{"count":0,"href":"https:\/\/www.e-anjelik.sk\/index.php\/wp-json\/wp\/v2\/posts\/3050\/revisions"}],"wp:attachment":[{"href":"https:\/\/www.e-anjelik.sk\/index.php\/wp-json\/wp\/v2\/media?parent=3050"}],"wp:term":[{"taxonomy":"category","embeddable":true,"href":"https:\/\/www.e-anjelik.sk\/index.php\/wp-json\/wp\/v2\/categories?post=3050"},{"taxonomy":"post_tag","embeddable":true,"href":"https:\/\/www.e-anjelik.sk\/index.php\/wp-json\/wp\/v2\/tags?post=3050"}],"curies":[{"name":"wp","href":"https:\/\/api.w.org\/{rel}","templated":true}]}}