{"id":30507,"date":"2016-05-14T15:12:10","date_gmt":"2016-05-14T13:12:10","guid":{"rendered":"http:\/\/www.evanjelik.sk\/?p=30507"},"modified":"2025-09-13T10:22:53","modified_gmt":"2025-09-13T08:22:53","slug":"potrebujeme-svateho-ducha","status":"publish","type":"post","link":"https:\/\/www.e-anjelik.sk\/index.php\/2016\/05\/14\/potrebujeme-svateho-ducha\/","title":{"rendered":"Potrebujeme Sv\u00e4t\u00e9ho Ducha"},"content":{"rendered":"\n<p>Tohto roku n\u00e1m Tur\u00edce pripadli na 15. a 16. m\u00e1ja 2016. Sv. Duch ako tretia osoba Boha n\u00e1s o . i. \u00a0osvecuje , posv\u00e4cuje a v pravej viere zachov\u00e1va. S\u00e1m P\u00e1n Boh od n\u00e1s vy\u017eaduje posv\u00e4tenie. Ak tak nerob\u00edme, ne\u017eijeme pod\u013ea Jeho v\u00f4le. V ostatnom \u010dase v na\u0161ej cirkvi sme vyru\u0161ovan\u00ed, sk\u00fa\u0161an\u00ed a provokovan\u00ed mnoh\u00fdmi ne\u010dist\u00fdmi, nemor\u00e1lnymi , niekedy krimin\u00e1lnymi praktikami neordinovan\u00fdch i duchovn\u00fdch. Ne\u017eij\u00fa pod\u013ea P\u00edsma, ale ani pod\u013ea hesla: \u201eNem\u00f4\u017ee dv\u00edha\u0165 in\u00fdch ten, kto stoj\u00ed n\u00edzko.&#8220; Je to zl\u00fd obraz o n\u00e1s. Nedivme sa, ke\u010f n\u00e1m \u010dlenovia odch\u00e1dzaj\u00fa. O to pevnej\u0161ie modlime sa za priestupn\u00edkov a prosme o Ducha Sv\u00e4t\u00e9ho. Potrebujeme pok\u00e1nie, obr\u00e1tenie a posv\u00e4tenie. Nech n\u00e1m v tom pom\u00e1ha Trojjedin\u00fd!<\/p>\n\n\n\n<p>1.Tes. 4, 3-7<\/p>\n\n\n\n<p>Po\u017eehnan\u00e9 sv\u00e4todu\u0161n\u00e9 sl\u00e1vnosti!<\/p>\n\n\n\n<p>&nbsp;<\/p>\n\n\n\n<p>&nbsp;<\/p>\n","protected":false},"excerpt":{"rendered":"<p>Tohto roku n\u00e1m Tur\u00edce pripadli na 15. a 16. m\u00e1ja 2016. Sv. Duch ako tretia osoba Boha n\u00e1s o . i. \u00a0osvecuje , posv\u00e4cuje a v pravej viere zachov\u00e1va. S\u00e1m P\u00e1n Boh od n\u00e1s vy\u017eaduje posv\u00e4tenie. Ak tak nerob\u00edme, ne\u017eijeme pod\u013ea Jeho v\u00f4le. V ostatnom \u010dase v na\u0161ej cirkvi sme vyru\u0161ovan\u00ed, sk\u00fa\u0161an\u00ed a provokovan\u00ed mnoh\u00fdmi &#8230; <a title=\"Potrebujeme Sv\u00e4t\u00e9ho Ducha\" class=\"read-more\" href=\"https:\/\/www.e-anjelik.sk\/index.php\/2016\/05\/14\/potrebujeme-svateho-ducha\/\" aria-label=\"Pre\u010d\u00edtajte si viac o Potrebujeme Sv\u00e4t\u00e9ho Ducha\">\u010c\u00edta\u0165 viac<\/a><\/p>\n","protected":false},"author":2,"featured_media":0,"comment_status":"open","ping_status":"closed","sticky":false,"template":"","format":"standard","meta":{"footnotes":""},"categories":[108,37],"tags":[524],"class_list":["post-30507","post","type-post","status-publish","format-standard","hentry","category-svatodusne-sviatky","category-zivot-v-cirkvi","tag-blog"],"_links":{"self":[{"href":"https:\/\/www.e-anjelik.sk\/index.php\/wp-json\/wp\/v2\/posts\/30507","targetHints":{"allow":["GET"]}}],"collection":[{"href":"https:\/\/www.e-anjelik.sk\/index.php\/wp-json\/wp\/v2\/posts"}],"about":[{"href":"https:\/\/www.e-anjelik.sk\/index.php\/wp-json\/wp\/v2\/types\/post"}],"author":[{"embeddable":true,"href":"https:\/\/www.e-anjelik.sk\/index.php\/wp-json\/wp\/v2\/users\/2"}],"replies":[{"embeddable":true,"href":"https:\/\/www.e-anjelik.sk\/index.php\/wp-json\/wp\/v2\/comments?post=30507"}],"version-history":[{"count":2,"href":"https:\/\/www.e-anjelik.sk\/index.php\/wp-json\/wp\/v2\/posts\/30507\/revisions"}],"predecessor-version":[{"id":38515,"href":"https:\/\/www.e-anjelik.sk\/index.php\/wp-json\/wp\/v2\/posts\/30507\/revisions\/38515"}],"wp:attachment":[{"href":"https:\/\/www.e-anjelik.sk\/index.php\/wp-json\/wp\/v2\/media?parent=30507"}],"wp:term":[{"taxonomy":"category","embeddable":true,"href":"https:\/\/www.e-anjelik.sk\/index.php\/wp-json\/wp\/v2\/categories?post=30507"},{"taxonomy":"post_tag","embeddable":true,"href":"https:\/\/www.e-anjelik.sk\/index.php\/wp-json\/wp\/v2\/tags?post=30507"}],"curies":[{"name":"wp","href":"https:\/\/api.w.org\/{rel}","templated":true}]}}