{"id":3052,"date":"2010-09-28T10:30:01","date_gmt":"2010-09-28T10:30:01","guid":{"rendered":"http:\/\/e-anjelik.sk\/?p=3052"},"modified":"2010-09-28T10:30:01","modified_gmt":"2010-09-28T10:30:01","slug":"bojkotuju-piatich-liberalnych-biskupov-vo-finskej-elc","status":"publish","type":"post","link":"https:\/\/www.e-anjelik.sk\/index.php\/2010\/09\/28\/bojkotuju-piatich-liberalnych-biskupov-vo-finskej-elc\/","title":{"rendered":"Bojkotuj\u00fa piatich liber\u00e1lnych biskupov vo F\u00ednskej ELC"},"content":{"rendered":"<p>Ako je u\u017e zn&aacute;me, aj Ev. lut. cirkev F&iacute;nska prijala niektor&eacute; z&aacute;konn&eacute; opatrenia v ot&aacute;zke sob&aacute;&scaron;ov homosexu&aacute;lnych p&aacute;rov. Ako p&iacute;&scaron;u m&eacute;dia s odvolan&iacute;m sa na webov&uacute; str&aacute;nku kotimaa24.fi vn&uacute;trocirkevn&aacute; organiz&aacute;cia \u013dudovej misie bojkotuje p&auml;\u0165 biskupov, ktor&iacute; s&uacute; priate\u013esky naklonen&iacute; k podpore nebiblick&yacute;ch sp&ocirc;sobov praxe cirkvi. T&iacute;to biskupi s&uacute;: arcibiskup Kari M&auml;kinen, biskupka Irja Askola a&nbsp;biskupi Mikko Heikka, Wille Riekkinen a Bj&ouml;rn Wikstr&ouml;m. Rozhodnutie o sob&aacute;&scaron;och homosexu&aacute;lnych p&aacute;rov vo f&iacute;nskom parlamente e&scaron;te nebolo schv&aacute;len&eacute;, preto nem&ocirc;\u017ee plati\u0165 ani v cirkvi.<\/p>\n<p>(<a href=\"http:\/\/www.dagen.se\">www.dagen.se<\/a>)<\/p>\n","protected":false},"excerpt":{"rendered":"<p>Ako je u\u017e zn&aacute;me, aj Ev. lut. cirkev F&iacute;nska prijala niektor&eacute; z&aacute;konn&eacute; opatrenia v ot&aacute;zke sob&aacute;&scaron;ov homosexu&aacute;lnych p&aacute;rov. Ako p&iacute;&scaron;u m&eacute;dia s odvolan&iacute;m sa na webov&uacute; str&aacute;nku kotimaa24.fi vn&uacute;trocirkevn&aacute; organiz&aacute;cia \u013dudovej misie bojkotuje p&auml;\u0165 biskupov, ktor&iacute; s&uacute; priate\u013esky naklonen&iacute; k podpore nebiblick&yacute;ch sp&ocirc;sobov praxe cirkvi. T&iacute;to biskupi s&uacute;: arcibiskup Kari M&auml;kinen, biskupka Irja Askola a&nbsp;biskupi &#8230; <a title=\"Bojkotuj\u00fa piatich liber\u00e1lnych biskupov vo F\u00ednskej ELC\" class=\"read-more\" href=\"https:\/\/www.e-anjelik.sk\/index.php\/2010\/09\/28\/bojkotuju-piatich-liberalnych-biskupov-vo-finskej-elc\/\" aria-label=\"Pre\u010d\u00edtajte si viac o Bojkotuj\u00fa piatich liber\u00e1lnych biskupov vo F\u00ednskej ELC\">\u010c\u00edta\u0165 viac<\/a><\/p>\n","protected":false},"author":22,"featured_media":0,"comment_status":"open","ping_status":"open","sticky":false,"template":"","format":"standard","meta":{"footnotes":""},"categories":[9,10],"tags":[],"class_list":["post-3052","post","type-post","status-publish","format-standard","hentry","category-europa","category-zo-sveta"],"_links":{"self":[{"href":"https:\/\/www.e-anjelik.sk\/index.php\/wp-json\/wp\/v2\/posts\/3052","targetHints":{"allow":["GET"]}}],"collection":[{"href":"https:\/\/www.e-anjelik.sk\/index.php\/wp-json\/wp\/v2\/posts"}],"about":[{"href":"https:\/\/www.e-anjelik.sk\/index.php\/wp-json\/wp\/v2\/types\/post"}],"author":[{"embeddable":true,"href":"https:\/\/www.e-anjelik.sk\/index.php\/wp-json\/wp\/v2\/users\/22"}],"replies":[{"embeddable":true,"href":"https:\/\/www.e-anjelik.sk\/index.php\/wp-json\/wp\/v2\/comments?post=3052"}],"version-history":[{"count":0,"href":"https:\/\/www.e-anjelik.sk\/index.php\/wp-json\/wp\/v2\/posts\/3052\/revisions"}],"wp:attachment":[{"href":"https:\/\/www.e-anjelik.sk\/index.php\/wp-json\/wp\/v2\/media?parent=3052"}],"wp:term":[{"taxonomy":"category","embeddable":true,"href":"https:\/\/www.e-anjelik.sk\/index.php\/wp-json\/wp\/v2\/categories?post=3052"},{"taxonomy":"post_tag","embeddable":true,"href":"https:\/\/www.e-anjelik.sk\/index.php\/wp-json\/wp\/v2\/tags?post=3052"}],"curies":[{"name":"wp","href":"https:\/\/api.w.org\/{rel}","templated":true}]}}