{"id":30529,"date":"2016-05-31T11:02:57","date_gmt":"2016-05-31T09:02:57","guid":{"rendered":"http:\/\/www.evanjelik.sk\/?p=30529"},"modified":"2016-05-31T11:02:57","modified_gmt":"2016-05-31T09:02:57","slug":"svaty-krst-princa-oskara-v-stokholme","status":"publish","type":"post","link":"https:\/\/www.e-anjelik.sk\/index.php\/2016\/05\/31\/svaty-krst-princa-oskara-v-stokholme\/","title":{"rendered":"Sv\u00e4t\u00fd krst princa Oskara v \u0160tokholme"},"content":{"rendered":"<p>V piatok 27. m\u00e1ja 2016 sa v Z\u00e1mockom chr\u00e1me v \u0160tokholme konali slu\u017eby Bo\u017eie s krstom sv\u00e4t\u00fdm syna korunnej princeznej Vikt\u00f3rie a jej man\u017eela princa Daniela. Krst princa Oskara \u00a0vykonala arcibiskupka \u0160v\u00e9dskej cirkvi Antje Jackel\u00e9n , za asistencie biskupa Johana Dalmana, ktor\u00fd je vrchn\u00fdm kazate\u013eom v cirkevnom zbore kr\u00e1\u013eovsk\u00e9ho dvora, ako aj kazate\u013ea v tomto zbore Michaela Bjoerkhagena. Po bohoslu\u017ebe na Sheppsholmen v \u0160tokholme vystrelili 21 s\u00e1lv. N\u00e1sledne sa v z\u00e1mku konalo stretnutie a obed pre pozvan\u00fdch host\u00ed. Krstn\u00fdmi darmi \u0161v\u00e9dskeho parlamentu a vl\u00e1dy boli \u0161v\u00e9dske knihy pre deti.<\/p>\n<p><img decoding=\"async\" src=\"http:\/\/www.kungahuset.se\/images\/18.13410d60153f0c7bb22139c\/1464521159380\/160527_PrinsOscarsdop_%281%29_Foto_Anna_Lena_Ahlstrom_KungahusetTheRoyalCourt.+-+WEBB.jpg\" alt=\"\" \/>\u00a0Korunn\u00e1 princezn\u00e1 Vikt\u00f3ria, jej man\u017eel , princ Daniel a ich dve deti: princezn\u00e1 Estelle a pokrsten\u00fd princ Oscar.<\/p>\n<p>(www.kungahuset.se)<\/p>\n","protected":false},"excerpt":{"rendered":"<p>V piatok 27. m\u00e1ja 2016 sa v Z\u00e1mockom chr\u00e1me v \u0160tokholme konali slu\u017eby Bo\u017eie s krstom sv\u00e4t\u00fdm syna korunnej princeznej Vikt\u00f3rie a jej man\u017eela princa Daniela. Krst princa Oskara \u00a0vykonala arcibiskupka \u0160v\u00e9dskej cirkvi Antje Jackel\u00e9n , za asistencie biskupa Johana Dalmana, ktor\u00fd je vrchn\u00fdm kazate\u013eom v cirkevnom zbore kr\u00e1\u013eovsk\u00e9ho dvora, ako aj kazate\u013ea v tomto &#8230; <a title=\"Sv\u00e4t\u00fd krst princa Oskara v \u0160tokholme\" class=\"read-more\" href=\"https:\/\/www.e-anjelik.sk\/index.php\/2016\/05\/31\/svaty-krst-princa-oskara-v-stokholme\/\" aria-label=\"Pre\u010d\u00edtajte si viac o Sv\u00e4t\u00fd krst princa Oskara v \u0160tokholme\">\u010c\u00edta\u0165 viac<\/a><\/p>\n","protected":false},"author":2,"featured_media":0,"comment_status":"open","ping_status":"closed","sticky":false,"template":"","format":"standard","meta":{"footnotes":""},"categories":[65,84,42],"tags":[],"class_list":["post-30529","post","type-post","status-publish","format-standard","hentry","category-kralovska-rodina","category-krst-svaty","category-skandinavia"],"_links":{"self":[{"href":"https:\/\/www.e-anjelik.sk\/index.php\/wp-json\/wp\/v2\/posts\/30529","targetHints":{"allow":["GET"]}}],"collection":[{"href":"https:\/\/www.e-anjelik.sk\/index.php\/wp-json\/wp\/v2\/posts"}],"about":[{"href":"https:\/\/www.e-anjelik.sk\/index.php\/wp-json\/wp\/v2\/types\/post"}],"author":[{"embeddable":true,"href":"https:\/\/www.e-anjelik.sk\/index.php\/wp-json\/wp\/v2\/users\/2"}],"replies":[{"embeddable":true,"href":"https:\/\/www.e-anjelik.sk\/index.php\/wp-json\/wp\/v2\/comments?post=30529"}],"version-history":[{"count":0,"href":"https:\/\/www.e-anjelik.sk\/index.php\/wp-json\/wp\/v2\/posts\/30529\/revisions"}],"wp:attachment":[{"href":"https:\/\/www.e-anjelik.sk\/index.php\/wp-json\/wp\/v2\/media?parent=30529"}],"wp:term":[{"taxonomy":"category","embeddable":true,"href":"https:\/\/www.e-anjelik.sk\/index.php\/wp-json\/wp\/v2\/categories?post=30529"},{"taxonomy":"post_tag","embeddable":true,"href":"https:\/\/www.e-anjelik.sk\/index.php\/wp-json\/wp\/v2\/tags?post=30529"}],"curies":[{"name":"wp","href":"https:\/\/api.w.org\/{rel}","templated":true}]}}