{"id":3053,"date":"2010-09-29T07:44:27","date_gmt":"2010-09-29T07:44:27","guid":{"rendered":"http:\/\/e-anjelik.sk\/?p=3053"},"modified":"2010-09-29T07:44:27","modified_gmt":"2010-09-29T07:44:27","slug":"protestanti-a-baptisti-v-europe-chcu-tesnejsie-spolupracovat","status":"publish","type":"post","link":"https:\/\/www.e-anjelik.sk\/index.php\/2010\/09\/29\/protestanti-a-baptisti-v-europe-chcu-tesnejsie-spolupracovat\/","title":{"rendered":"Protestanti a baptisti v Eur\u00f3pe chc\u00fa tesnej\u0161ie spolupracova\u0165"},"content":{"rendered":"<p>Spolo\u010denstvo evanjelick&yacute;ch cirkv&iacute; v Eur&oacute;pe (GEKE) a Eur&oacute;pska baptistick&aacute; feder&aacute;cia (EBF) zaviazali sa k tesnej&scaron;ej spolupr&aacute;ci. O tom podp&iacute;sali dohodu koncom septembra v Rocca di Papa pri R&iacute;me. EBF zahrnuje okolo 51 n&aacute;rodn&yacute;ch jedn&ocirc;t v Eur&oacute;pe ,Bl&iacute;zkom a Strednom V&yacute;chode. GEKE m&aacute; 105 luter&aacute;nskych, reformovan&yacute;ch, unijn&yacute;ch a metodistick&yacute;ch \u010dlensk&yacute;ch cirkv&iacute; vo viacej ako 30 krajin&aacute;ch Eur&oacute;py a Lat. Ameriky. Dohodu 24. septembra t.r. podp&iacute;sali gen. tajomn&iacute;k GEKE Michael Buenker a gen. tajomn&iacute;k EBF Tony Peck. Neodstra\u0148uj&uacute; sa v&scaron;ak teologick&eacute; rozdiely, napr. ot&aacute;zka krstu. Baptisti nekrstia deti, len veriacich dospel&yacute;ch.&nbsp;Z tohoto d&ocirc;vodu pln&eacute; \u010dlenstvo baptistov v GEKE neprich&aacute;dza do &uacute;vahy.<\/p>\n<p>(<a href=\"http:\/\/www.ekd.de\">www.ekd.de<\/a>)<\/p>\n","protected":false},"excerpt":{"rendered":"<p>Spolo\u010denstvo evanjelick&yacute;ch cirkv&iacute; v Eur&oacute;pe (GEKE) a Eur&oacute;pska baptistick&aacute; feder&aacute;cia (EBF) zaviazali sa k tesnej&scaron;ej spolupr&aacute;ci. O tom podp&iacute;sali dohodu koncom septembra v Rocca di Papa pri R&iacute;me. EBF zahrnuje okolo 51 n&aacute;rodn&yacute;ch jedn&ocirc;t v Eur&oacute;pe ,Bl&iacute;zkom a Strednom V&yacute;chode. GEKE m&aacute; 105 luter&aacute;nskych, reformovan&yacute;ch, unijn&yacute;ch a metodistick&yacute;ch \u010dlensk&yacute;ch cirkv&iacute; vo viacej ako 30 krajin&aacute;ch &#8230; <a title=\"Protestanti a baptisti v Eur\u00f3pe chc\u00fa tesnej\u0161ie spolupracova\u0165\" class=\"read-more\" href=\"https:\/\/www.e-anjelik.sk\/index.php\/2010\/09\/29\/protestanti-a-baptisti-v-europe-chcu-tesnejsie-spolupracovat\/\" aria-label=\"Pre\u010d\u00edtajte si viac o Protestanti a baptisti v Eur\u00f3pe chc\u00fa tesnej\u0161ie spolupracova\u0165\">\u010c\u00edta\u0165 viac<\/a><\/p>\n","protected":false},"author":22,"featured_media":0,"comment_status":"open","ping_status":"open","sticky":false,"template":"","format":"standard","meta":{"footnotes":""},"categories":[2,9,10],"tags":[],"class_list":["post-3053","post","type-post","status-publish","format-standard","hentry","category-ekumena","category-europa","category-zo-sveta"],"_links":{"self":[{"href":"https:\/\/www.e-anjelik.sk\/index.php\/wp-json\/wp\/v2\/posts\/3053","targetHints":{"allow":["GET"]}}],"collection":[{"href":"https:\/\/www.e-anjelik.sk\/index.php\/wp-json\/wp\/v2\/posts"}],"about":[{"href":"https:\/\/www.e-anjelik.sk\/index.php\/wp-json\/wp\/v2\/types\/post"}],"author":[{"embeddable":true,"href":"https:\/\/www.e-anjelik.sk\/index.php\/wp-json\/wp\/v2\/users\/22"}],"replies":[{"embeddable":true,"href":"https:\/\/www.e-anjelik.sk\/index.php\/wp-json\/wp\/v2\/comments?post=3053"}],"version-history":[{"count":0,"href":"https:\/\/www.e-anjelik.sk\/index.php\/wp-json\/wp\/v2\/posts\/3053\/revisions"}],"wp:attachment":[{"href":"https:\/\/www.e-anjelik.sk\/index.php\/wp-json\/wp\/v2\/media?parent=3053"}],"wp:term":[{"taxonomy":"category","embeddable":true,"href":"https:\/\/www.e-anjelik.sk\/index.php\/wp-json\/wp\/v2\/categories?post=3053"},{"taxonomy":"post_tag","embeddable":true,"href":"https:\/\/www.e-anjelik.sk\/index.php\/wp-json\/wp\/v2\/tags?post=3053"}],"curies":[{"name":"wp","href":"https:\/\/api.w.org\/{rel}","templated":true}]}}