{"id":30542,"date":"2016-06-07T11:41:57","date_gmt":"2016-06-07T09:41:57","guid":{"rendered":"http:\/\/www.evanjelik.sk\/?p=30542"},"modified":"2018-05-31T18:00:13","modified_gmt":"2018-05-31T16:00:13","slug":"pozonisti-nemecka-v-drazdanoch","status":"publish","type":"post","link":"https:\/\/www.e-anjelik.sk\/index.php\/2016\/06\/07\/pozonisti-nemecka-v-drazdanoch\/","title":{"rendered":"Poz\u00f3nisti Nemecka v Dr\u00e1\u017e\u010fanoch"},"content":{"rendered":"<p>V sobotu 4. j\u00fana 2016 sa v hlavnom meste Saska\u00a0 Dr\u00e1\u017e\u010fanoch zi\u0161lo na svojom celonemeckom stretnut\u00ed 17.500 hudobn\u00edkov. Boli to osoby od osem do 80 rokov, i cel\u00e9 rodiny. Mottom stretnutia bolo: &#8220; V\u00fddych nahor&#8220;. \u00a0Ve\u010der sa na oboch brehoch Labe konal koncert tzv. seren\u00e1da. Okrem duchovn\u00fdch skladieb hrali aj klasick\u00e9, star\u00fa hudbu, romantiku, swing a pop. Koncerty boli i v okol\u00ed Dr\u00e1\u017e\u010fan. V nede\u013eu boli predpoludn\u00edm na futbalovom \u0161tadi\u00f3ne slu\u017eby Bo\u017eie s \u00fa\u010das\u0165ou 34 tis\u00edc os\u00f4b. Z hudobn\u00fdch n\u00e1strojov boli zast\u00fapen\u00e9: tr\u00fabky, lesn\u00e9 rohy, poz\u00f3ny a tuby. Organiz\u00e1torom podujatia bola Evanjelick\u00e1 slu\u017eba poz\u00f3nistov Nemecka.<\/p>\n<p>(www.ekmd.de)<\/p>\n","protected":false},"excerpt":{"rendered":"<p>V sobotu 4. j\u00fana 2016 sa v hlavnom meste Saska\u00a0 Dr\u00e1\u017e\u010fanoch zi\u0161lo na svojom celonemeckom stretnut\u00ed 17.500 hudobn\u00edkov. Boli to osoby od osem do 80 rokov, i cel\u00e9 rodiny. Mottom stretnutia bolo: &#8220; V\u00fddych nahor&#8220;. \u00a0Ve\u010der sa na oboch brehoch Labe konal koncert tzv. seren\u00e1da. Okrem duchovn\u00fdch skladieb hrali aj klasick\u00e9, star\u00fa hudbu, romantiku, swing &#8230; <a title=\"Poz\u00f3nisti Nemecka v Dr\u00e1\u017e\u010fanoch\" class=\"read-more\" href=\"https:\/\/www.e-anjelik.sk\/index.php\/2016\/06\/07\/pozonisti-nemecka-v-drazdanoch\/\" aria-label=\"Pre\u010d\u00edtajte si viac o Poz\u00f3nisti Nemecka v Dr\u00e1\u017e\u010fanoch\">\u010c\u00edta\u0165 viac<\/a><\/p>\n","protected":false},"author":2,"featured_media":0,"comment_status":"open","ping_status":"closed","sticky":false,"template":"","format":"standard","meta":{"footnotes":""},"categories":[4,24,163],"tags":[],"class_list":["post-30542","post","type-post","status-publish","format-standard","hentry","category-akcie","category-cirkevna-hudba","category-nemecko"],"_links":{"self":[{"href":"https:\/\/www.e-anjelik.sk\/index.php\/wp-json\/wp\/v2\/posts\/30542","targetHints":{"allow":["GET"]}}],"collection":[{"href":"https:\/\/www.e-anjelik.sk\/index.php\/wp-json\/wp\/v2\/posts"}],"about":[{"href":"https:\/\/www.e-anjelik.sk\/index.php\/wp-json\/wp\/v2\/types\/post"}],"author":[{"embeddable":true,"href":"https:\/\/www.e-anjelik.sk\/index.php\/wp-json\/wp\/v2\/users\/2"}],"replies":[{"embeddable":true,"href":"https:\/\/www.e-anjelik.sk\/index.php\/wp-json\/wp\/v2\/comments?post=30542"}],"version-history":[{"count":1,"href":"https:\/\/www.e-anjelik.sk\/index.php\/wp-json\/wp\/v2\/posts\/30542\/revisions"}],"predecessor-version":[{"id":31789,"href":"https:\/\/www.e-anjelik.sk\/index.php\/wp-json\/wp\/v2\/posts\/30542\/revisions\/31789"}],"wp:attachment":[{"href":"https:\/\/www.e-anjelik.sk\/index.php\/wp-json\/wp\/v2\/media?parent=30542"}],"wp:term":[{"taxonomy":"category","embeddable":true,"href":"https:\/\/www.e-anjelik.sk\/index.php\/wp-json\/wp\/v2\/categories?post=30542"},{"taxonomy":"post_tag","embeddable":true,"href":"https:\/\/www.e-anjelik.sk\/index.php\/wp-json\/wp\/v2\/tags?post=30542"}],"curies":[{"name":"wp","href":"https:\/\/api.w.org\/{rel}","templated":true}]}}