{"id":3056,"date":"2010-10-02T07:58:03","date_gmt":"2010-10-02T07:58:03","guid":{"rendered":"http:\/\/e-anjelik.sk\/?p=3056"},"modified":"2010-10-02T07:58:03","modified_gmt":"2010-10-02T07:58:03","slug":"ittzes-janos-predsedajuci-biskup-evanjelickej-cirkvi-v-madarsku-rezignoval-z-funkcie","status":"publish","type":"post","link":"https:\/\/www.e-anjelik.sk\/index.php\/2010\/10\/02\/ittzes-janos-predsedajuci-biskup-evanjelickej-cirkvi-v-madarsku-rezignoval-z-funkcie\/","title":{"rendered":"Ittz\u00e9s J\u00e1nos -predsedaj\u00faci biskup Evanjelickej cirkvi v Ma\u010farsku rezignoval z funkcie"},"content":{"rendered":"<p>1. okt&oacute;bra t.r. sa v Budape&scaron;ti v priestoroch Evanjelick&eacute;ho gymn&aacute;zia na ulici Fasor za\u010dala synoda Ev. cirkvi v Ma\u010farsku. Z&uacute;\u010dast\u0148uje sa jej 40 \u010dlenov s voli\u010dsk&yacute;m hlasom. Pred jej za\u010diatkom predsedaj&uacute;ci biskup Ittz&eacute;s J&aacute;nos podal d&ocirc;le\u017eit&eacute; ozn&aacute;menie, \u017ee k d&aacute;tumu posledn&eacute;ho d\u0148a zasadnutia synody 26. a 27. novembra sa vzd&aacute;va funkcie predsedaj&uacute;ceho biskupa cirkvi. Ide o pred\u010dasn&eacute; ukon\u010denie funkcie. Svoj &uacute;rad svojmu n&aacute;stupcovi mal v riadnom \u010dase odovzda\u0165 v lete 2011.<\/p>\n<p>(<a href=\"http:\/\/www.evangelikus.hu\">www.evangelikus.hu<\/a>)<\/p>\n<p>&nbsp;<\/p>\n","protected":false},"excerpt":{"rendered":"<p>1. okt&oacute;bra t.r. sa v Budape&scaron;ti v priestoroch Evanjelick&eacute;ho gymn&aacute;zia na ulici Fasor za\u010dala synoda Ev. cirkvi v Ma\u010farsku. Z&uacute;\u010dast\u0148uje sa jej 40 \u010dlenov s voli\u010dsk&yacute;m hlasom. Pred jej za\u010diatkom predsedaj&uacute;ci biskup Ittz&eacute;s J&aacute;nos podal d&ocirc;le\u017eit&eacute; ozn&aacute;menie, \u017ee k d&aacute;tumu posledn&eacute;ho d\u0148a zasadnutia synody 26. a 27. novembra sa vzd&aacute;va funkcie predsedaj&uacute;ceho biskupa cirkvi. Ide &#8230; <a title=\"Ittz\u00e9s J\u00e1nos -predsedaj\u00faci biskup Evanjelickej cirkvi v Ma\u010farsku rezignoval z funkcie\" class=\"read-more\" href=\"https:\/\/www.e-anjelik.sk\/index.php\/2010\/10\/02\/ittzes-janos-predsedajuci-biskup-evanjelickej-cirkvi-v-madarsku-rezignoval-z-funkcie\/\" aria-label=\"Pre\u010d\u00edtajte si viac o Ittz\u00e9s J\u00e1nos -predsedaj\u00faci biskup Evanjelickej cirkvi v Ma\u010farsku rezignoval z funkcie\">\u010c\u00edta\u0165 viac<\/a><\/p>\n","protected":false},"author":22,"featured_media":0,"comment_status":"open","ping_status":"open","sticky":false,"template":"","format":"standard","meta":{"footnotes":""},"categories":[9,10],"tags":[],"class_list":["post-3056","post","type-post","status-publish","format-standard","hentry","category-europa","category-zo-sveta"],"_links":{"self":[{"href":"https:\/\/www.e-anjelik.sk\/index.php\/wp-json\/wp\/v2\/posts\/3056","targetHints":{"allow":["GET"]}}],"collection":[{"href":"https:\/\/www.e-anjelik.sk\/index.php\/wp-json\/wp\/v2\/posts"}],"about":[{"href":"https:\/\/www.e-anjelik.sk\/index.php\/wp-json\/wp\/v2\/types\/post"}],"author":[{"embeddable":true,"href":"https:\/\/www.e-anjelik.sk\/index.php\/wp-json\/wp\/v2\/users\/22"}],"replies":[{"embeddable":true,"href":"https:\/\/www.e-anjelik.sk\/index.php\/wp-json\/wp\/v2\/comments?post=3056"}],"version-history":[{"count":0,"href":"https:\/\/www.e-anjelik.sk\/index.php\/wp-json\/wp\/v2\/posts\/3056\/revisions"}],"wp:attachment":[{"href":"https:\/\/www.e-anjelik.sk\/index.php\/wp-json\/wp\/v2\/media?parent=3056"}],"wp:term":[{"taxonomy":"category","embeddable":true,"href":"https:\/\/www.e-anjelik.sk\/index.php\/wp-json\/wp\/v2\/categories?post=3056"},{"taxonomy":"post_tag","embeddable":true,"href":"https:\/\/www.e-anjelik.sk\/index.php\/wp-json\/wp\/v2\/tags?post=3056"}],"curies":[{"name":"wp","href":"https:\/\/api.w.org\/{rel}","templated":true}]}}