{"id":30563,"date":"2016-06-10T14:53:54","date_gmt":"2016-06-10T12:53:54","guid":{"rendered":"http:\/\/www.evanjelik.sk\/?p=30563"},"modified":"2019-02-22T15:26:26","modified_gmt":"2019-02-22T14:26:26","slug":"dvojite-jubileum-evanjelikov-v-eritrei","status":"publish","type":"post","link":"https:\/\/www.e-anjelik.sk\/index.php\/2016\/06\/10\/dvojite-jubileum-evanjelikov-v-eritrei\/","title":{"rendered":"Dvojit\u00e9 jubileum evanjelikov v Eritrei"},"content":{"rendered":"<p>Gener\u00e1lny tajomn\u00edk Evanjelicko-luter\u00e1nskej cirkvi Eritrei Temesghen Berhane a viceprezident tejto cirkvi Rev. Habtom Tewolde nav\u0161t\u00edvili Svetov\u00fd luter\u00e1nsky zv\u00e4z v \u017deneve. Pri tejto pr\u00edle\u017eitosti ozn\u00e1mili, \u017ee ich cirkev bude oslavova\u0165 nielen 500. v\u00fdro\u010die reform\u00e1cie , ale t\u00e1to oslava bude spojen\u00e1 s jubileom 150. v\u00fdro\u010dia vzniku ich cirkvi.<br \/>\n<span title=\"\u201cIt's a time to stop and look back and see how far we have got, what we have accomplished in mission work and to look forward and do a more effective job of mission,\u201d said Berhane, who visited the LWF Communion Office with vice president\">&#8222;Je \u010das sa zastavi\u0165 a obzrie\u0165 sa\u00a0a vidie\u0165, ako \u010faleko sme sa dostali, \u010do sme dosiahli v misijnej pr\u00e1ci a na \u010do sa\u00a0te\u0161i\u0165 a ako \u00a0robi\u0165 efekt\u00edvnej\u0161iu pr\u00e1cu misie,&#8220; povedal Berhane. Cirkev m\u00e1\u00a0 iba 20 tis\u00edc \u010dlenov, ale v krajine po\u017e\u00edva \u00factu. <span title=\"As well as bringing the gospel to many, the church introduced modern medicine and education, and developed infrastructure - building dams for irrigation and water reserves, and opening schools, kindergarten and health clinics.\">Rovnako ako prin\u00e1\u0161a evanjelium , cirkev zaviedla modern\u00fa medic\u00ednu a vzdelanie, m\u00e1 rozvinut\u00fa infra\u0161trukt\u00faru &#8211; stavebn\u00e9 hr\u00e1dze pre zavla\u017eovanie a vodn\u00e9 zdroje. Zriadila\u00a0\u0161koly, \u0161k\u00f4lky a zdravotn\u00edcke zariadenia. Prev\u00e1dzkuje\u00a0aj<\/span><span title=\"It runs the country\u2019s only two schools for the deaf.\n\n\"> dve \u0161koly\u00a0 pre nepo\u010duj\u00facich. Ve\u013ekou v\u00fdzvou pre cirkev je nedostatok teologicky vzdelan\u00fdch pastorov. Po\u017eehnan\u00edm pre cirkev s\u00fa \u017eeny, ktor\u00e9 s\u00fa horliv\u00e9 modlitebn\u00ed\u010dky a sl\u00fa\u017eia r\u00f4znymi sp\u00f4sobmi.<\/p>\n<p><\/span><\/span><\/p>\n<p>(www.lutheranworld.org)<\/p>\n","protected":false},"excerpt":{"rendered":"<p>Gener\u00e1lny tajomn\u00edk Evanjelicko-luter\u00e1nskej cirkvi Eritrei Temesghen Berhane a viceprezident tejto cirkvi Rev. Habtom Tewolde nav\u0161t\u00edvili Svetov\u00fd luter\u00e1nsky zv\u00e4z v \u017deneve. Pri tejto pr\u00edle\u017eitosti ozn\u00e1mili, \u017ee ich cirkev bude oslavova\u0165 nielen 500. v\u00fdro\u010die reform\u00e1cie , ale t\u00e1to oslava bude spojen\u00e1 s jubileom 150. v\u00fdro\u010dia vzniku ich cirkvi. &#8222;Je \u010das sa zastavi\u0165 a obzrie\u0165 sa\u00a0a vidie\u0165, ako &#8230; <a title=\"Dvojit\u00e9 jubileum evanjelikov v Eritrei\" class=\"read-more\" href=\"https:\/\/www.e-anjelik.sk\/index.php\/2016\/06\/10\/dvojite-jubileum-evanjelikov-v-eritrei\/\" aria-label=\"Pre\u010d\u00edtajte si viac o Dvojit\u00e9 jubileum evanjelikov v Eritrei\">\u010c\u00edta\u0165 viac<\/a><\/p>\n","protected":false},"author":2,"featured_media":0,"comment_status":"open","ping_status":"closed","sticky":false,"template":"","format":"standard","meta":{"footnotes":""},"categories":[50,73,12,60,26,27],"tags":[],"class_list":["post-30563","post","type-post","status-publish","format-standard","hentry","category-afrika","category-ecav","category-evanjelicke-skoly","category-misia","category-pamiatka-reformacie","category-slz"],"_links":{"self":[{"href":"https:\/\/www.e-anjelik.sk\/index.php\/wp-json\/wp\/v2\/posts\/30563","targetHints":{"allow":["GET"]}}],"collection":[{"href":"https:\/\/www.e-anjelik.sk\/index.php\/wp-json\/wp\/v2\/posts"}],"about":[{"href":"https:\/\/www.e-anjelik.sk\/index.php\/wp-json\/wp\/v2\/types\/post"}],"author":[{"embeddable":true,"href":"https:\/\/www.e-anjelik.sk\/index.php\/wp-json\/wp\/v2\/users\/2"}],"replies":[{"embeddable":true,"href":"https:\/\/www.e-anjelik.sk\/index.php\/wp-json\/wp\/v2\/comments?post=30563"}],"version-history":[{"count":1,"href":"https:\/\/www.e-anjelik.sk\/index.php\/wp-json\/wp\/v2\/posts\/30563\/revisions"}],"predecessor-version":[{"id":32354,"href":"https:\/\/www.e-anjelik.sk\/index.php\/wp-json\/wp\/v2\/posts\/30563\/revisions\/32354"}],"wp:attachment":[{"href":"https:\/\/www.e-anjelik.sk\/index.php\/wp-json\/wp\/v2\/media?parent=30563"}],"wp:term":[{"taxonomy":"category","embeddable":true,"href":"https:\/\/www.e-anjelik.sk\/index.php\/wp-json\/wp\/v2\/categories?post=30563"},{"taxonomy":"post_tag","embeddable":true,"href":"https:\/\/www.e-anjelik.sk\/index.php\/wp-json\/wp\/v2\/tags?post=30563"}],"curies":[{"name":"wp","href":"https:\/\/api.w.org\/{rel}","templated":true}]}}