{"id":30565,"date":"2016-06-10T15:19:40","date_gmt":"2016-06-10T13:19:40","guid":{"rendered":"http:\/\/www.evanjelik.sk\/?p=30565"},"modified":"2016-06-10T15:19:40","modified_gmt":"2016-06-10T13:19:40","slug":"tomas-tyrlik-je-novym-biskupom-sliezskej-ev-a-v-cirkvi-v-cr","status":"publish","type":"post","link":"https:\/\/www.e-anjelik.sk\/index.php\/2016\/06\/10\/tomas-tyrlik-je-novym-biskupom-sliezskej-ev-a-v-cirkvi-v-cr\/","title":{"rendered":"Tom\u00e1\u0161 Tyrl\u00edk je nov\u00fdm biskupom Sliezskej ev. a. v. cirkvi v \u010cR"},"content":{"rendered":"<p>V T\u0155inci zasadala v d\u0148och\u00a03. a 4. j\u00fana 2016 synoda SCEAV v \u010cR. Na programe o. i. bola aj vo\u013eba nov\u00e9ho biskupa cirkvi. Zvolen\u00fd bol Tom\u00e1\u0161 Tyrl\u00edk . Za neho hlasovalo 46 synod\u00e1lov, 9 boli proti\u00a0 a \u00a04 sa hlasovania zdr\u017eali.( Spr\u00e1va je z www.gustav-adolf-werk.de).<\/p>\n<p>Prin\u00e1\u0161ame origin\u00e1lnu tla\u010dov\u00fa spr\u00e1vu aj z webovej str\u00e1nky www.sceav.cz:<\/p>\n<p>Heslo Synodu zn\u011blo: \u201ePat\u0159\u00edme k Bo\u017e\u00ed rodin\u011b\u201c. Hlavn\u00ed p\u0159edn\u00e1\u0161ku na t\u00e9ma: \u201eC\u00edrkev jako rodina\u201c p\u0159ednesl biskup V\u00fdchodn\u00edho distriktu Evangelick\u00e9 c\u00edrkve a. v. na Slovensku Slavom\u00edr Sabol.<br \/>\nBiskupem Slezsk\u00e9 c\u00edrkve evangelick\u00e9 a. v. byl zvolen dosavadn\u00ed n\u00e1m\u011bstek biskupa <a href=\"http:\/\/www.sceav.cz\/index.php\/cs\/pastori?pid=64&amp;sid=128\"><span style=\"color: #2278af;\">Tom\u00e1\u0161 Tyrl\u00edk<\/span><\/a>, kter\u00fd nastoup\u00ed do \u00fa\u0159adu v kv\u011btnu 2017 roku, instalace nov\u00e9ho biskupa se bude konat v ned\u011bli 21. kv\u011btna 2017.<br \/>\nSynod schv\u00e1lil zpr\u00e1vu ze \u017eivota c\u00edrkve za rok 2015, zpr\u00e1vu o hospoda\u0159en\u00ed c\u00edrkve za rok 2015, zpr\u00e1vu revizn\u00ed komise, zpr\u00e1vu dozor\u010d\u00ed rady Mzdov\u00e9ho a provozn\u00edho fondu, zpr\u00e1vu dozor\u010d\u00ed rady Slezsk\u00e9 diakonie, p\u0159edsednictva Synodu. Byl schv\u00e1len rozpo\u010det c\u00edrkve na rok 2016, parametry rozpo\u010dtu na rok 2017 a r\u00e1mec investov\u00e1n\u00ed. Synod neschv\u00e1lil n\u00e1vrh na zru\u0161en\u00ed partnerstv\u00ed s Evangelickou luterskou- zemskou c\u00edrkvi v Braunschweigu.<br \/>\nSynod vzal na v\u011bdom\u00ed zpr\u00e1vy misijn\u00ed, pr\u00e1vn\u00ed a liturgick\u00e9 komise SCEAV, zpr\u00e1vu o \u010dinnosti Slezsk\u00e9 diakonie, zpr\u00e1vu C\u00edrkevn\u00ed mate\u0159sk\u00e9 a z\u00e1kladn\u00ed \u0161koly v T\u0159inci a zpr\u00e1vu Evangeliza\u010dn\u00edho centra M.I.S.E.<br \/>\nSynodu se z\u00fa\u010dastnili host\u00e9 &#8211; gener\u00e1ln\u00ed biskup Evangelick\u00e9 c\u00edrkve na Slovensku Milo\u0161 Kl\u00e1tik, biskup V\u00fdchodn\u00edho distriktu ECAV na Slovensku Slavom\u00edr Sabol, far\u00e1\u0159 Evangelick\u00e9 c\u00edrkve a. v. v Plzni Tom\u00e1\u0161 \u017divn\u00fd, \u010dlen Synodn\u00ed rady Evangelick\u00e9 c\u00edrkve a. v. v Polsku Marek Cie\u015blar a Marek Zikmund, senior Moravskoslezsk\u00e9ho senior\u00e1tu \u010ceskobratrsk\u00e9 c\u00edrkve evangelick\u00e9.<br \/>\nSynod SCEAV v roce 2017 se uskute\u010dn\u00ed ve dnech 19. -20. kv\u011btna.<\/p>\n<p>Synod zvolil \u010dleny c\u00edrkevn\u00ed rady SCEAV &#8211; ordinovan\u00fdmi \u010dleny se stali pastor <a href=\"http:\/\/www.sceav.cz\/index.php\/cs\/pastori?pid=64&amp;sid=70\"><span style=\"color: #2278af;\">Martin Pi\u0119tak<\/span><\/a> a senior <a href=\"http:\/\/www.sceav.cz\/index.php\/cs\/pastori?pid=64&amp;sid=132\"><span style=\"color: #2278af;\">Roman Raszka<\/span><\/a>, neordinovan\u00fdmi \u010dleny Vladislav Blahut a Ji\u0159\u00ed Zi\u0119tek. N\u00e1hradn\u00edkem ordinovan\u00e9ho \u010dlena byl zvolen pastor <a href=\"http:\/\/www.sceav.cz\/index.php\/cs\/pastori?pid=64&amp;sid=123\"><span style=\"color: #2278af;\">Michal Klus<\/span><\/a> a n\u00e1hradn\u00edkem neordinovan\u00e9ho \u010dlena Daniel Szmek.<br \/>\n\u010clenov\u00e9 synodu d\u00e1le zvolili p\u0159edsednictvo synodu. P\u0159edsedou pro dal\u0161\u00ed \u010dty\u0159let\u00e9 funk\u010dn\u00ed obdob\u00ed se stal <a href=\"http:\/\/www.sceav.cz\/index.php\/cs\/pastori?pid=64&amp;sid=133\"><span style=\"color: #2278af;\">Ji\u0159\u00ed Chodura<\/span><\/a>, m\u00edstop\u0159edsedy Jaroslav Szromek a pastor <a href=\"http:\/\/www.sceav.cz\/index.php\/cs\/pastori?pid=64&amp;sid=129\"><span style=\"color: #2278af;\">Jan Fojcik<\/span><\/a>.<\/p>\n<p><img loading=\"lazy\" decoding=\"async\" src=\"http:\/\/www.sceav.cz\/images\/stories\/aktuality\/2016\/05\/biskup_tyrlik.jpg\" alt=\"\" width=\"431\" height=\"579\" \/>Nov\u011b zvolen\u00fd biskup SCEAV <a href=\"http:\/\/www.sceav.cz\/index.php\/cs\/pastori?pid=64&amp;sid=128\"><span style=\"color: #2278af;\">Tom\u00e1\u0161 Tyrl\u00edk<\/span><\/a><\/p>\n<p><a href=\"http:\/\/www.sceav.cz\/index.php\/cs\/pastori?pid=64&amp;sid=128\"><span style=\"color: #2278af;\">Tom\u00e1\u0161 Tyrl\u00edk<\/span><\/a> poch\u00e1z\u00ed z obce Guty, je absolventem Evangelick\u00e9 bohosloveck\u00e9 fakulty Univerzity Komensk\u00e9ho v Bratislav\u011b, teologii studoval rovn\u011b\u017e v n\u011bmeck\u00e9m Erlangenu a na K\u0159es\u0165ansk\u00e9 teologick\u00e9 akademii ve Var\u0161av\u011b. Studium ukon\u010dil v roce 1994 a dne 31. \u010dervence 1994 byl uveden do \u00fa\u0159adu duchovn\u00edho Slezsk\u00e9 c\u00edrkve evangelick\u00e9 a. v.<br \/>\nV l\u00e9tech 1994-2003 byl far\u00e1\u0159em ve sboru SCEAV ve Fr\u00fddku-M\u00edstku, do roku 1998 jako vik\u00e1\u0159, od 1998 do 2003 jako pastor sboru.<br \/>\nOd roku 2003 do sou\u010dasnosti je pastorem farn\u00edho sboru SCEAV v T\u0159anovic\u00edch.<br \/>\nV roce 1998 byl zvolen seniorem Fr\u00fddeck\u00e9ho senior\u00e1tu SCEAV a v roce 2006 \u010dlenem C\u00edrkevn\u00ed rady SCEAV. V \u0159\u00edjnu 2011 byl synodem zvolen n\u00e1m\u011bstkem biskupa Slezsk\u00e9 c\u00edrkve evangelick\u00e9 a. v. Je m\u00edstop\u0159edsedou Sdru\u017een\u00ed Martina Luthera v \u010cR. Tyto funkce zast\u00e1v\u00e1 do sou\u010dasnosti.<br \/>\nJe inici\u00e1torem a od roku 2001 vedouc\u00edm organiza\u010dn\u00edho t\u00fdmu \u201eKonference rodin\u201c. V minulosti p\u0159edn\u00e1\u0161el na Ostravsk\u00e9 univerzit\u011b, kated\u0159e k\u0159es\u0165ansk\u00e9 v\u00fdchovy.<br \/>\n<a href=\"http:\/\/www.sceav.cz\/index.php\/cs\/pastori?pid=64&amp;sid=128\"><span style=\"color: #2278af;\">Tom\u00e1\u0161 Tyrl\u00edk<\/span><\/a> je v po\u0159ad\u00ed osm\u00fdm biskupem SCEAV. Do \u010dela c\u00edrkve nastoup\u00ed po biskupovi Janu Wac\u0142awkovi, kter\u00fd opust\u00ed \u00fa\u0159ad v kv\u011btnu 2017. Funk\u010dn\u00ed obdob\u00ed biskupa SCEAV trv\u00e1 \u0161est let.<\/p>\n","protected":false},"excerpt":{"rendered":"<p>V T\u0155inci zasadala v d\u0148och\u00a03. a 4. j\u00fana 2016 synoda SCEAV v \u010cR. Na programe o. i. bola aj vo\u013eba nov\u00e9ho biskupa cirkvi. Zvolen\u00fd bol Tom\u00e1\u0161 Tyrl\u00edk . Za neho hlasovalo 46 synod\u00e1lov, 9 boli proti\u00a0 a \u00a04 sa hlasovania zdr\u017eali.( Spr\u00e1va je z www.gustav-adolf-werk.de). Prin\u00e1\u0161ame origin\u00e1lnu tla\u010dov\u00fa spr\u00e1vu aj z webovej str\u00e1nky www.sceav.cz: Heslo &#8230; <a title=\"Tom\u00e1\u0161 Tyrl\u00edk je nov\u00fdm biskupom Sliezskej ev. a. v. cirkvi v \u010cR\" class=\"read-more\" href=\"https:\/\/www.e-anjelik.sk\/index.php\/2016\/06\/10\/tomas-tyrlik-je-novym-biskupom-sliezskej-ev-a-v-cirkvi-v-cr\/\" aria-label=\"Pre\u010d\u00edtajte si viac o Tom\u00e1\u0161 Tyrl\u00edk je nov\u00fdm biskupom Sliezskej ev. a. v. cirkvi v \u010cR\">\u010c\u00edta\u0165 viac<\/a><\/p>\n","protected":false},"author":2,"featured_media":0,"comment_status":"open","ping_status":"closed","sticky":false,"template":"","format":"standard","meta":{"footnotes":""},"categories":[9,62,104],"tags":[],"class_list":["post-30565","post","type-post","status-publish","format-standard","hentry","category-europa","category-sceav","category-synoda"],"_links":{"self":[{"href":"https:\/\/www.e-anjelik.sk\/index.php\/wp-json\/wp\/v2\/posts\/30565","targetHints":{"allow":["GET"]}}],"collection":[{"href":"https:\/\/www.e-anjelik.sk\/index.php\/wp-json\/wp\/v2\/posts"}],"about":[{"href":"https:\/\/www.e-anjelik.sk\/index.php\/wp-json\/wp\/v2\/types\/post"}],"author":[{"embeddable":true,"href":"https:\/\/www.e-anjelik.sk\/index.php\/wp-json\/wp\/v2\/users\/2"}],"replies":[{"embeddable":true,"href":"https:\/\/www.e-anjelik.sk\/index.php\/wp-json\/wp\/v2\/comments?post=30565"}],"version-history":[{"count":0,"href":"https:\/\/www.e-anjelik.sk\/index.php\/wp-json\/wp\/v2\/posts\/30565\/revisions"}],"wp:attachment":[{"href":"https:\/\/www.e-anjelik.sk\/index.php\/wp-json\/wp\/v2\/media?parent=30565"}],"wp:term":[{"taxonomy":"category","embeddable":true,"href":"https:\/\/www.e-anjelik.sk\/index.php\/wp-json\/wp\/v2\/categories?post=30565"},{"taxonomy":"post_tag","embeddable":true,"href":"https:\/\/www.e-anjelik.sk\/index.php\/wp-json\/wp\/v2\/tags?post=30565"}],"curies":[{"name":"wp","href":"https:\/\/api.w.org\/{rel}","templated":true}]}}