{"id":3057,"date":"2010-10-02T09:01:27","date_gmt":"2010-10-02T09:01:27","guid":{"rendered":"http:\/\/e-anjelik.sk\/?p=3057"},"modified":"2010-10-02T09:01:27","modified_gmt":"2010-10-02T09:01:27","slug":"obama-som-krestanom-zo-slobodnej-vole","status":"publish","type":"post","link":"https:\/\/www.e-anjelik.sk\/index.php\/2010\/10\/02\/obama-som-krestanom-zo-slobodnej-vole\/","title":{"rendered":"Obama: Som kres\u0165anom zo slobodnej v\u00f4le"},"content":{"rendered":"<p>Po &scaron;pekul&aacute;ci&aacute;ch v americkej spolo\u010dnosti o jeho n&aacute;bo\u017eenskej pr&iacute;slu&scaron;nosti vyjadril sa teraz prezident USA , \u017ee je kres\u0165anom zo slobodn&eacute;ho rozhodnutia. Povedal to 28. septembra t.r. pri n&aacute;v&scaron;teve jednej rodiny v &scaron;t&aacute;te Nov&eacute; Mexico. 49-ro\u010dn&yacute; syn ke\u0148sk&eacute;ho moslima a americkej matky vyrastal medzi 6. a\u017e 10. rokom v preva\u017ene moslimskej Indon&eacute;zii.&nbsp;Rodi\u010dia nenav&scaron;tevovali ka\u017ed&yacute; t&yacute;\u017ede\u0148 bohoslu\u017eby, ale matka, pod\u013ea jeho slov, bola &quot;najzbo\u017enej&scaron;ou \u017eenou&quot;&nbsp;, ak&uacute; kedy poznal.V s&uacute;\u010dasnosti Obama nepatr&iacute; k \u017eiadnemu cirkevn&eacute;mu zboru. Nav&scaron;tevuje bohoslu\u017eby v Camp Davide. Naposledy v septembri&nbsp;bola prezidentsk&aacute; rodina na anglik&aacute;nskych bohoslu\u017eb&aacute;ch v kostole sv. J&aacute;na&nbsp;ne\u010faleko Bieleho domu vo Washingtone.<\/p>\n<p>(<a href=\"http:\/\/www.idea.de\">www.idea.de<\/a>)<\/p>\n","protected":false},"excerpt":{"rendered":"<p>Po &scaron;pekul&aacute;ci&aacute;ch v americkej spolo\u010dnosti o jeho n&aacute;bo\u017eenskej pr&iacute;slu&scaron;nosti vyjadril sa teraz prezident USA , \u017ee je kres\u0165anom zo slobodn&eacute;ho rozhodnutia. Povedal to 28. septembra t.r. pri n&aacute;v&scaron;teve jednej rodiny v &scaron;t&aacute;te Nov&eacute; Mexico. 49-ro\u010dn&yacute; syn ke\u0148sk&eacute;ho moslima a americkej matky vyrastal medzi 6. a\u017e 10. rokom v preva\u017ene moslimskej Indon&eacute;zii.&nbsp;Rodi\u010dia nenav&scaron;tevovali ka\u017ed&yacute; t&yacute;\u017ede\u0148 bohoslu\u017eby, &#8230; <a title=\"Obama: Som kres\u0165anom zo slobodnej v\u00f4le\" class=\"read-more\" href=\"https:\/\/www.e-anjelik.sk\/index.php\/2010\/10\/02\/obama-som-krestanom-zo-slobodnej-vole\/\" aria-label=\"Pre\u010d\u00edtajte si viac o Obama: Som kres\u0165anom zo slobodnej v\u00f4le\">\u010c\u00edta\u0165 viac<\/a><\/p>\n","protected":false},"author":22,"featured_media":0,"comment_status":"open","ping_status":"open","sticky":false,"template":"","format":"standard","meta":{"footnotes":""},"categories":[1,14],"tags":[],"class_list":["post-3057","post","type-post","status-publish","format-standard","hentry","category-adventna-modlitba","category-osobnosti"],"_links":{"self":[{"href":"https:\/\/www.e-anjelik.sk\/index.php\/wp-json\/wp\/v2\/posts\/3057","targetHints":{"allow":["GET"]}}],"collection":[{"href":"https:\/\/www.e-anjelik.sk\/index.php\/wp-json\/wp\/v2\/posts"}],"about":[{"href":"https:\/\/www.e-anjelik.sk\/index.php\/wp-json\/wp\/v2\/types\/post"}],"author":[{"embeddable":true,"href":"https:\/\/www.e-anjelik.sk\/index.php\/wp-json\/wp\/v2\/users\/22"}],"replies":[{"embeddable":true,"href":"https:\/\/www.e-anjelik.sk\/index.php\/wp-json\/wp\/v2\/comments?post=3057"}],"version-history":[{"count":0,"href":"https:\/\/www.e-anjelik.sk\/index.php\/wp-json\/wp\/v2\/posts\/3057\/revisions"}],"wp:attachment":[{"href":"https:\/\/www.e-anjelik.sk\/index.php\/wp-json\/wp\/v2\/media?parent=3057"}],"wp:term":[{"taxonomy":"category","embeddable":true,"href":"https:\/\/www.e-anjelik.sk\/index.php\/wp-json\/wp\/v2\/categories?post=3057"},{"taxonomy":"post_tag","embeddable":true,"href":"https:\/\/www.e-anjelik.sk\/index.php\/wp-json\/wp\/v2\/tags?post=3057"}],"curies":[{"name":"wp","href":"https:\/\/api.w.org\/{rel}","templated":true}]}}