{"id":30579,"date":"2016-06-17T23:53:12","date_gmt":"2016-06-17T21:53:12","guid":{"rendered":"http:\/\/www.evanjelik.sk\/?p=30579"},"modified":"2016-06-17T23:53:12","modified_gmt":"2016-06-17T21:53:12","slug":"kostnicka-iskricka-11","status":"publish","type":"post","link":"https:\/\/www.e-anjelik.sk\/index.php\/2016\/06\/17\/kostnicka-iskricka-11\/","title":{"rendered":"Kostnick\u00e1 iskri\u010dka &#8211; 11"},"content":{"rendered":"<p><b>Pre\u010do sa z ctite\u013eov Bo\u017eieho z\u00e1kona stali Bo\u017e\u00ed bojovn\u00edci ?<\/b><\/p>\n<p>Kto by nepoznal husitsk\u00fd chor\u00e1l, mohutn\u00fa piese\u0148: <i>\u201dKdo\u017e js\u00fa Bo\u017e\u00ed bojovn\u00edci a z\u00e1kona Jeho, proste\u017e od Boha pomoci a \u00fafejte\u017e v Neho, \u017ee kone\u010dne v\u017edycky s N\u00edm zv\u00edt\u011bz\u00edte\u201d. <\/i>Je historickou skuto\u010dnos\u0165ou, \u017ee husitsk\u00e9 vojsk\u00e1 dosiahli moho skvel\u00fdch v\u00ed\u0165azstiev v ne\u013e\u00fatostnom boji, ale dosiahli aj v\u00ed\u0165azstv\u00e1 bez boja, ke\u010f sa kri\u017eiacke vojsk\u00e1 rozutekali, len \u010do za\u010duli mocn\u00fd spev odhodlan\u00fdch vojsk Bo\u017e\u00edch bojovn\u00edkov.<\/p>\n<p>Ako v\u0161ak pri\u0161lo k tomu, \u017ee sa z ctite\u013eov Bo\u017eieho z\u00e1kona stali Bo\u017e\u00ed bojovn\u00edci? Najsk\u00f4r kr\u00e1tko pripome\u0148me, \u017ee J\u00e1n Hus vo svojich spisoch \u017eiaden boj vojensk\u00fdmi prostriedkami a zbra\u0148ami ani nepredpokladal, ani neodpor\u00fa\u010dal. Ani nedal svojim st\u00fapencom \u017eiaden podnet k ozbrojen\u00fdm akci\u00e1m. Dokonca nedal \u017eiaden podnet k tomu, aby sa vern\u00ed kres\u0165ania naz\u00fdvali jeho menom, teda &#8211; husiti. Kde sa teda vzalo samotn\u00e9 pomenovanie <b>husita<\/b>? Husov\u00fdch st\u00fapencov husitmi nazvali ich odporcovia a nepriatelia. Meno malo dehonestova\u0165 \u00faprimn\u00fdch ctite\u013eov Bo\u017eieho z\u00e1kona. O podobnom po\u010d\u00ednan\u00ed m\u00e1me v hist\u00f3rii dos\u0165 pr\u00edkladov. Nie inak to bolo o sto rokov nesk\u00f4r aj s pomenovan\u00edm <b>luter\u00e1n<\/b>. Malo nazna\u010di\u0165, \u017ee ide o nasledovn\u00edka \u010dloveka &#8211; heretika a nie o katol\u00edckeho kres\u0165ana.<\/p>\n<p>T\u00fa\u017eili azda ctitelia Bo\u017eieho z\u00e1kona sta\u0165 sa bojovn\u00edkmi, revolucion\u00e1rmi, alebo vojakmi? Ur\u010dite nie. E\u0161te v prvej polovici roku 1419, teda vo chv\u00ed\u013each, ktor\u00e9 bezprostredne predch\u00e1dzali vypuknutiu ozbrojen\u00fdch konfliktov, m\u00e1rne by niekto h\u013eadal v \u010deskom husitskom prostred\u00ed v\u00fdzvy k boju. I na zn\u00e1me stretnutia \u013eud\u00ed na hor\u00e1ch prich\u00e1dzal \u013eud neozbrojen\u00fd. <b>\u010cesk\u00fdm husitom bol ozbrojen\u00fd boj vn\u00faten\u00fd.<\/b> Aj vtedy v\u0161ak i najradik\u00e1lne\u0161ie kr\u00eddlo v T\u00e1bore h\u013eadalo biblick\u00fa odpove\u010f a zd\u00f4vodnenie boja nielen u svojich, ale aj u majstrov na pra\u017eskej univerzite. A\u017e po schv\u00e1len\u00ed nutnosti obrany siahli Husovi nasledovn\u00edci k zbrani. Ak sa teda z ctite\u013eov Bo\u017eieho z\u00e1kona stali Bo\u017e\u00ed bojovn\u00edci, treba jasne poveda\u0165, \u017ee ozbrojen\u00fd boj a vojnu prijali a ch\u00e1pali len ako posledn\u00fd prostriedok obrany, ako prostriedok zachovania svojich \u017eivotov a \u017eivotov svojich rod\u00edn.<\/p>\n<p>A teraz sa pozrime na t\u00fa stranu, ktor\u00e1 zavelila ako prv\u00e1 do \u00fatoku so zbra\u0148ou. U\u017e v roku 1411, ke\u010f prebiehal Husov proces v R\u00edme a nikto v \u010cech\u00e1ch ani len netu\u0161il, \u017ee by niekto pom\u00fd\u0161\u013eal na vojnu, radil vplyvn\u00fd publicista <i>Ditrich z Niemu <\/i>ku kr\u00ed\u017eovej v\u00fdprave proti \u010cech\u00e1m. O tri roky nesk\u00f4r p\u00edsal zn\u00e1my kancel\u00e1r par\u00ed\u017eskej univerzity <i>Jaen Gerson <\/i>pra\u017esk\u00e9mu arcibiskupovi, \u017ee s nebezpe\u010dn\u00fdmi kac\u00edrskymi n\u00e1zormi sa nem\u00e1 polemizova\u0165, ale ich treba vykoreni\u0165 oh\u0148om a me\u010dom. Preto n\u00e1s neprekvapuje ostr\u00fd postoj J. Gersona proti J.Husovi aj na Kosnickom koncile. Dokonca koncil v roku 1417 v odmietavom stanovisku vo\u010di husitsk\u00e9mu kalichu nesiahol k teologikck\u00fdm argumentom, ale v\u00e1\u0161nivo volal po z\u00e1sahu svetskej moci.<\/p>\n<p>Ke\u010f bol potom za nov\u00e9ho p\u00e1pe\u017ea zvolen\u00fd kardin\u00e1l Colonna ako<i> Martin V., <\/i>a bol n\u00faten\u00fd zaobera\u0165 sa aj z\u00e1le\u017eitos\u0165ami \u010cechov, vydal u\u017e vo febru\u00e1ri 1418 v\u00fdhra\u017en\u00fa bulu, v ktorej po\u017eadoval kapitul\u00e1ciu husitstva a o mesiac nesk\u00f4r nov\u00e1 bula hroz\u00ed \u010deskej \u0161\u013eachte <b>kri\u017eiackou v\u00fdpravou<\/b>. Vz\u00e1p\u00e4t\u00ed sa s ultimat\u00edvnymi po\u017eiadavkami pripojil <b>k p\u00e1pe\u017eovi aj koncil. <\/b>V tomto prostred\u00ed sa rodili a mno\u017eili po\u017eiadavky na kri\u017eiacku v\u00fdpravu. To sa napokon aj stalo, ke\u010f <b>17. marca 1420<\/b>\u00a0 bola vo Vratislavi p\u00e1pe\u017esku <b>nemilosrdnou <\/b>bulou kri\u017eiacka v\u00fdprava proti \u010desk\u00fdm husitom vyhl\u00e1sen\u00e1.<\/p>\n<p>Tento postoj si osvojil aj urazen\u00fd <b>kr\u00e1\u013e \u017digmund,<\/b> ktor\u00fd r\u00e1d siahal po me\u010di, hoci <b>v boji v\u017edy zlyhal.<\/b> Na rytierskych turnajoch, ktor\u00fdch sa s ob\u013eubou z\u00fa\u010dast\u0148oval azda nadobudol dojem o svojich vojensk\u00fdch schopnostiach, ale v skuto\u010dnosti <i>v\u0161etky vojny ktor\u00e9 viedol &#8211; prehral.<\/i> Prehral, \u017eia\u013e, aj obrann\u00e9 boje s pohansk\u00fdmi, osmansk\u00fdmi tureck\u00fdmi dobyvate\u013emi. Najsk\u00f4r bitku <i>pri Nikopole v roku 1396,<\/i> ke\u010f si iba \u00fatekom zachr\u00e1nil hol\u00fd \u017eivot a potom aj \u010fal\u0161iu bitku pri hrade <i>Golubac v roku 1428.<\/i> \u017digmund v boji takmer zahynul, z\u00e1chranu mu poskytli lode kotviace na Dunaji. Ne\u00faspech si chcel hoji\u0165 na dom\u00e1cej p\u00f4de v boji proti \u010desk\u00fdm kres\u0165anom &#8211; husitom. K tomuto poukazu a argumentu sa budeme musie\u0165 e\u0161te raz vr\u00e1ti\u0165 podrobneji\u0161e, vzh\u013eadom na bl\u00ed\u017eiace sa smutn\u00e9 v\u00fdro\u010die bitky pri Moh\u00e1\u010di v roku 1526, preto\u017ee <b>t\u00e1to trag\u00e9dia mala nepochybne u\u017e za \u017digmunda svoje korene a pr\u00ed\u010diny.\u00a0 \u00a0 \u00a0<\/b><\/p>\n<p>&nbsp;<\/p>\n<p>Teraz si pripome\u0148me fakt, \u017ee proti \u010desk\u00fdm husitom bolo vyhl\u00e1sen\u00fdch a\u017e <b>p\u00e4\u0165 kri\u017eiackych v\u00fdprav. P\u00e4\u0165 medzin\u00e1rodn\u00fdch trestn\u00fdch v\u00fdprav z kres\u0165anskej Eur\u00f3py, <i>proti \u201ckac\u00edrskym\u201d \u010cechom<\/i>.<\/b> V\u0161etky kri\u017eiacke v\u00fdpravy boli v\u0161ak porazen\u00e9 pod velen\u00edm sl\u00e1vneho vojvodcu <b>J\u00e1na \u017di\u017eku z Trocnova. <\/b>U\u017e zrejme nikdy nikto nespo\u010d\u00edta, ko\u013eko tieto v\u00fdpravy priniesli str\u00e1t na \u017eivotoch, ko\u013eko finan\u010dn\u00fdch, materi\u00e1lnych a kult\u00farnych str\u00e1t. \u010cesk\u00ed, nemeck\u00ed, slovensk\u00ed a in\u00ed historici z \u00faplne negat\u00edvnym postojom k husitstvu dodnes opakuj\u00fa len re\u010di o obetiach husitsk\u00fdch vojsk, o vypalovan\u00ed a ni\u010den\u00ed kostolov a kl\u00e1\u0161torov, vra\u017ednen\u00ed nepriate\u013eov a in\u00fdch n\u00e1silnostiach. Je zbyto\u010dn\u00e9 ich popiera\u0165 alebo ospravedl\u0148ova\u0165. Ale je treba jasne poveda\u0165, \u017ee nie inak, ba ove\u013ea hor\u0161ie si po\u010d\u00ednala aj druh\u00e1 strana, ktor\u00e1 tieto vojny za\u010dala.<\/p>\n<p>Za v\u0161etky ni\u010denia spome\u0148me len \u017digmundov \u00fatok s uhorsk\u00fdm vojskom na Kutn\u00fa Horu, v \u010dase druhej kri\u017eiackej v\u00fdpravy proti husitom v roku 1422. Uhorsk\u00e1 arm\u00e1da vyplienila okolie a p\u00e1chala hrozn\u00e9 ukrutnosti. Bansk\u00e9 mesto, bane a mincov\u0148u dal \u017digmund vyp\u00e1li\u0165,<i> \u201caby kac\u00ed\u0159i z jeho tobolky nem\u011bli klenotuov\u201d.<\/i> \u017di\u0161kovo vojsko po\u017eiar napokon uhasilo. N\u00e1sledne dobilo aj mesto Nemeck\u00fd Brod, kde sa nepriate\u013e sna\u017eil opevni\u0165. \u017digmundova uhorsk\u00e1 arm\u00e1da bola \u00faplne porazen\u00e1. Ale \u010cesk\u00ed husiti si nikdy nen\u00e1rokovali a ani trvalo nepodma\u0148ovali cudzie \u00fazemia a ich obyvate\u013eov.<\/p>\n<p>Nikto by si nemal myslie\u0165, \u017ee kri\u017eiaci a ich velitelia boli dobrosrde\u010dn\u00ed mierotvorcovia. U\u017e prv\u00e1 kri\u017eiacka v\u00fdprava skon\u010dila por\u00e1\u017ekou. Podobne a e\u0161te hanebnej\u0161ie dopadli aj \u010fal\u0161ie \u0161tyri kri\u017eiacke ta\u017eenia. Pr\u00edslove\u010dnou sa stala najm\u00e4 tretia obrovsk\u00e1 v\u00fdprava, ktor\u00fa viedol p\u00e1pe\u017esk\u00fd <i>leg\u00e1t <\/i><b><i>Cesarini<\/i>.<\/b> Iba jeho telesn\u00e1 str\u00e1\u017e sa<b> pri Doma\u017eliciach <\/b>postavila na odpor a skoro v\u0161etci padli. Ostatn\u00e9 vojsko sa dalo na zm\u00e4ten\u00fd \u00fatek, len \u010do za\u010dulo husitsk\u00fa bojov\u00fa piese\u0148 a na bojisku zanechalo cel\u00fa v\u00fdzbroj a v\u00fdstroj ako koris\u0165 v\u00ed\u0165azom. Bola to jedna z najpotupnej\u0161\u00edch por\u00e1\u017eok, ak\u00e9 poznaj\u00fa dejiny vojen.<\/p>\n<p>Ale u\u017e po prvom v\u00ed\u0165aztve pri Doma\u017eliciach sa uk\u00e1zalo, \u017ee husitsk\u00ed bojovn\u00edci <b>len z nutnosti obrany zobrali do ruky zbra\u0148.\u00a0<\/b><\/p>\n<p>Kr\u00e1snym dokladom ich t\u00fa\u017eby po mieri je vynikaj\u00faca b\u00e1snick\u00e1 skladba najlep\u0161ieho kronik\u00e1ra husitstva <b><i>Vav\u0159inca z B\u0159ezov\u00e9, P\u00edse\u0148 o v\u00ed\u0165ezstv\u00ed u Doma\u017elic<\/i>, <\/b>ktor\u00e1 vo chv\u00edli nev\u00eddan\u00e9ho triumfu husitov vrchol\u00ed n\u00e1dejn\u00fdmi a pokorn\u00fdmi ver\u0161ami:<\/p>\n<p><i>\u201cA tehdy me\u010d se zm\u011bn\u00ed v pluh<\/i><\/p>\n<p><i>a o\u0161t\u011bp v srp, jak sl\u00edbil B\u00fah,<\/i><\/p>\n<p><i>a zbran\u011b se pak roztav\u00ed<\/i><\/p>\n<p><i>ve zvony, jen\u017e n\u00e1s pozdrav\u00ed.<\/i><\/p>\n<p><i>N\u00e1rod ji\u017e me\u010de nepozdvihne,<\/i><\/p>\n<p><i>souseda v\u00e1lkou nestihne,<\/i><\/p>\n<p><i>neb kr\u00e1sou m\u00edru, sou\u017eit\u00ed<\/i><\/p>\n<p><i>budou se v\u0161ichni t\u011b\u0161iti\u201d.\u00a0<\/i><\/p>\n","protected":false},"excerpt":{"rendered":"<p>Pre\u010do sa z ctite\u013eov Bo\u017eieho z\u00e1kona stali Bo\u017e\u00ed bojovn\u00edci ? Kto by nepoznal husitsk\u00fd chor\u00e1l, mohutn\u00fa piese\u0148: \u201dKdo\u017e js\u00fa Bo\u017e\u00ed bojovn\u00edci a z\u00e1kona Jeho, proste\u017e od Boha pomoci a \u00fafejte\u017e v Neho, \u017ee kone\u010dne v\u017edycky s N\u00edm zv\u00edt\u011bz\u00edte\u201d. Je historickou skuto\u010dnos\u0165ou, \u017ee husitsk\u00e9 vojsk\u00e1 dosiahli moho skvel\u00fdch v\u00ed\u0165azstiev v ne\u013e\u00fatostnom boji, ale dosiahli aj v\u00ed\u0165azstv\u00e1 &#8230; <a title=\"Kostnick\u00e1 iskri\u010dka &#8211; 11\" class=\"read-more\" href=\"https:\/\/www.e-anjelik.sk\/index.php\/2016\/06\/17\/kostnicka-iskricka-11\/\" aria-label=\"Pre\u010d\u00edtajte si viac o Kostnick\u00e1 iskri\u010dka &#8211; 11\">\u010c\u00edta\u0165 viac<\/a><\/p>\n","protected":false},"author":4,"featured_media":0,"comment_status":"open","ping_status":"closed","sticky":false,"template":"","format":"standard","meta":{"footnotes":""},"categories":[1],"tags":[],"class_list":["post-30579","post","type-post","status-publish","format-standard","hentry","category-adventna-modlitba"],"_links":{"self":[{"href":"https:\/\/www.e-anjelik.sk\/index.php\/wp-json\/wp\/v2\/posts\/30579","targetHints":{"allow":["GET"]}}],"collection":[{"href":"https:\/\/www.e-anjelik.sk\/index.php\/wp-json\/wp\/v2\/posts"}],"about":[{"href":"https:\/\/www.e-anjelik.sk\/index.php\/wp-json\/wp\/v2\/types\/post"}],"author":[{"embeddable":true,"href":"https:\/\/www.e-anjelik.sk\/index.php\/wp-json\/wp\/v2\/users\/4"}],"replies":[{"embeddable":true,"href":"https:\/\/www.e-anjelik.sk\/index.php\/wp-json\/wp\/v2\/comments?post=30579"}],"version-history":[{"count":0,"href":"https:\/\/www.e-anjelik.sk\/index.php\/wp-json\/wp\/v2\/posts\/30579\/revisions"}],"wp:attachment":[{"href":"https:\/\/www.e-anjelik.sk\/index.php\/wp-json\/wp\/v2\/media?parent=30579"}],"wp:term":[{"taxonomy":"category","embeddable":true,"href":"https:\/\/www.e-anjelik.sk\/index.php\/wp-json\/wp\/v2\/categories?post=30579"},{"taxonomy":"post_tag","embeddable":true,"href":"https:\/\/www.e-anjelik.sk\/index.php\/wp-json\/wp\/v2\/tags?post=30579"}],"curies":[{"name":"wp","href":"https:\/\/api.w.org\/{rel}","templated":true}]}}