{"id":30582,"date":"2016-06-18T03:59:47","date_gmt":"2016-06-18T01:59:47","guid":{"rendered":"http:\/\/www.evanjelik.sk\/?p=30582"},"modified":"2018-05-31T18:00:13","modified_gmt":"2018-05-31T16:00:13","slug":"martin-junge-potvrdeny-vo-funkcii-pre-dalsie-obdobie","status":"publish","type":"post","link":"https:\/\/www.e-anjelik.sk\/index.php\/2016\/06\/18\/martin-junge-potvrdeny-vo-funkcii-pre-dalsie-obdobie\/","title":{"rendered":"Martin Junge potvrden\u00fd vo funkcii pre \u010fal\u0161ie obdobie"},"content":{"rendered":"<p>Far\u00e1r Martin Junge, 54 -ro\u010dn\u00fd teol\u00f3g z Chile, bol 16. j\u00fana 2016\u00a0jednomyse\u013ene op\u00e4\u0165 zvolen\u00fd za gener\u00e1lneho tajomn\u00edka Svetov\u00e9ho luter\u00e1nskeho zv\u00e4zu v \u017deneve. Junge pracuje v SLZ od roku 2000. 49 deleg\u00e1tov Rady SLZ, ktor\u00e1 zasad\u00e1 t.\u010d. v nemeckom meste Wittenberg, mu pred\u013a\u017eilo funk\u010dn\u00fd mand\u00e1t do 31. okt. 2024. SLZ m\u00e1 145 \u010dlensk\u00fdch cirkv\u00ed so 73 mili\u00f3nmi veriacich. Hlavnou \u00falohou gener\u00e1lneho tajomn\u00edka je v tomto obdob\u00ed pr\u00edprava jubilejn\u00fdch osl\u00e1v 500. v\u00fdro\u010dia reform\u00e1cie a s t\u00fdm spojen\u00e9ho valn\u00e9ho zhroma\u017edenia SLZ v m\u00e1ji 2017 v Namibii.<\/p>\n<p>(www.lutheranworld.org)<\/p>\n<p>&nbsp;<\/p>\n","protected":false},"excerpt":{"rendered":"<p>Far\u00e1r Martin Junge, 54 -ro\u010dn\u00fd teol\u00f3g z Chile, bol 16. j\u00fana 2016\u00a0jednomyse\u013ene op\u00e4\u0165 zvolen\u00fd za gener\u00e1lneho tajomn\u00edka Svetov\u00e9ho luter\u00e1nskeho zv\u00e4zu v \u017deneve. Junge pracuje v SLZ od roku 2000. 49 deleg\u00e1tov Rady SLZ, ktor\u00e1 zasad\u00e1 t.\u010d. v nemeckom meste Wittenberg, mu pred\u013a\u017eilo funk\u010dn\u00fd mand\u00e1t do 31. okt. 2024. SLZ m\u00e1 145 \u010dlensk\u00fdch cirkv\u00ed so 73 &#8230; <a title=\"Martin Junge potvrden\u00fd vo funkcii pre \u010fal\u0161ie obdobie\" class=\"read-more\" href=\"https:\/\/www.e-anjelik.sk\/index.php\/2016\/06\/18\/martin-junge-potvrdeny-vo-funkcii-pre-dalsie-obdobie\/\" aria-label=\"Pre\u010d\u00edtajte si viac o Martin Junge potvrden\u00fd vo funkcii pre \u010fal\u0161ie obdobie\">\u010c\u00edta\u0165 viac<\/a><\/p>\n","protected":false},"author":2,"featured_media":0,"comment_status":"open","ping_status":"closed","sticky":false,"template":"","format":"standard","meta":{"footnotes":""},"categories":[163,26,27],"tags":[],"class_list":["post-30582","post","type-post","status-publish","format-standard","hentry","category-nemecko","category-pamiatka-reformacie","category-slz"],"_links":{"self":[{"href":"https:\/\/www.e-anjelik.sk\/index.php\/wp-json\/wp\/v2\/posts\/30582","targetHints":{"allow":["GET"]}}],"collection":[{"href":"https:\/\/www.e-anjelik.sk\/index.php\/wp-json\/wp\/v2\/posts"}],"about":[{"href":"https:\/\/www.e-anjelik.sk\/index.php\/wp-json\/wp\/v2\/types\/post"}],"author":[{"embeddable":true,"href":"https:\/\/www.e-anjelik.sk\/index.php\/wp-json\/wp\/v2\/users\/2"}],"replies":[{"embeddable":true,"href":"https:\/\/www.e-anjelik.sk\/index.php\/wp-json\/wp\/v2\/comments?post=30582"}],"version-history":[{"count":1,"href":"https:\/\/www.e-anjelik.sk\/index.php\/wp-json\/wp\/v2\/posts\/30582\/revisions"}],"predecessor-version":[{"id":31787,"href":"https:\/\/www.e-anjelik.sk\/index.php\/wp-json\/wp\/v2\/posts\/30582\/revisions\/31787"}],"wp:attachment":[{"href":"https:\/\/www.e-anjelik.sk\/index.php\/wp-json\/wp\/v2\/media?parent=30582"}],"wp:term":[{"taxonomy":"category","embeddable":true,"href":"https:\/\/www.e-anjelik.sk\/index.php\/wp-json\/wp\/v2\/categories?post=30582"},{"taxonomy":"post_tag","embeddable":true,"href":"https:\/\/www.e-anjelik.sk\/index.php\/wp-json\/wp\/v2\/tags?post=30582"}],"curies":[{"name":"wp","href":"https:\/\/api.w.org\/{rel}","templated":true}]}}