{"id":30594,"date":"2016-06-23T11:35:28","date_gmt":"2016-06-23T09:35:28","guid":{"rendered":"http:\/\/www.evanjelik.sk\/?p=30594"},"modified":"2019-02-22T15:26:26","modified_gmt":"2019-02-22T14:26:26","slug":"v-polsku-otvorili-najvacsie-ev-zborove-centrum","status":"publish","type":"post","link":"https:\/\/www.e-anjelik.sk\/index.php\/2016\/06\/23\/v-polsku-otvorili-najvacsie-ev-zborove-centrum\/","title":{"rendered":"V Po\u013esku otvorili najv\u00e4\u010d\u0161ie ev. zborov\u00e9 centrum"},"content":{"rendered":"<p>12. j\u00fana 2016 biskup Evanjelickej cirkvi v Po\u013esku Jerzy Samiec slovom Bo\u017e\u00edm a modlitbou posv\u00e4til najv\u00e4\u010d\u0161ie zborov\u00e9 evanjelick\u00e9 centrum v Po\u013esku. Nach\u00e1dza sa v centre\u00a0mesta Vratislav (Wroclaw).\u00a0V stredisku sa nach\u00e1dza konferen\u010dn\u00e1 s\u00e1la pre 100 os\u00f4b, jed\u00e1le\u0148, kuchy\u0148a , hos\u0165ovsk\u00e9 izby na ubytovanie\u00a0 pre 58 nav\u0161tevn\u00edkov, kni\u017enica, turistick\u00e9 informa\u010dn\u00e9 stredisko a denn\u00fd stacion\u00e1r pre seniorov. Po zrekon\u0161truovan\u00ed druhej \u010dasti budovy bud\u00fa v nej klubov\u00e9 miestnosti pre \u010dinnos\u0165 seniorov.<\/p>\n<p>(www.luteranie.pl)<\/p>\n","protected":false},"excerpt":{"rendered":"<p>12. j\u00fana 2016 biskup Evanjelickej cirkvi v Po\u013esku Jerzy Samiec slovom Bo\u017e\u00edm a modlitbou posv\u00e4til najv\u00e4\u010d\u0161ie zborov\u00e9 evanjelick\u00e9 centrum v Po\u013esku. Nach\u00e1dza sa v centre\u00a0mesta Vratislav (Wroclaw).\u00a0V stredisku sa nach\u00e1dza konferen\u010dn\u00e1 s\u00e1la pre 100 os\u00f4b, jed\u00e1le\u0148, kuchy\u0148a , hos\u0165ovsk\u00e9 izby na ubytovanie\u00a0 pre 58 nav\u0161tevn\u00edkov, kni\u017enica, turistick\u00e9 informa\u010dn\u00e9 stredisko a denn\u00fd stacion\u00e1r pre seniorov. Po &#8230; <a title=\"V Po\u013esku otvorili najv\u00e4\u010d\u0161ie ev. zborov\u00e9 centrum\" class=\"read-more\" href=\"https:\/\/www.e-anjelik.sk\/index.php\/2016\/06\/23\/v-polsku-otvorili-najvacsie-ev-zborove-centrum\/\" aria-label=\"Pre\u010d\u00edtajte si viac o V Po\u013esku otvorili najv\u00e4\u010d\u0161ie ev. zborov\u00e9 centrum\">\u010c\u00edta\u0165 viac<\/a><\/p>\n","protected":false},"author":2,"featured_media":0,"comment_status":"open","ping_status":"closed","sticky":false,"template":"","format":"standard","meta":{"footnotes":""},"categories":[9,73,91],"tags":[],"class_list":["post-30594","post","type-post","status-publish","format-standard","hentry","category-europa","category-ecav","category-polsko"],"_links":{"self":[{"href":"https:\/\/www.e-anjelik.sk\/index.php\/wp-json\/wp\/v2\/posts\/30594","targetHints":{"allow":["GET"]}}],"collection":[{"href":"https:\/\/www.e-anjelik.sk\/index.php\/wp-json\/wp\/v2\/posts"}],"about":[{"href":"https:\/\/www.e-anjelik.sk\/index.php\/wp-json\/wp\/v2\/types\/post"}],"author":[{"embeddable":true,"href":"https:\/\/www.e-anjelik.sk\/index.php\/wp-json\/wp\/v2\/users\/2"}],"replies":[{"embeddable":true,"href":"https:\/\/www.e-anjelik.sk\/index.php\/wp-json\/wp\/v2\/comments?post=30594"}],"version-history":[{"count":1,"href":"https:\/\/www.e-anjelik.sk\/index.php\/wp-json\/wp\/v2\/posts\/30594\/revisions"}],"predecessor-version":[{"id":32351,"href":"https:\/\/www.e-anjelik.sk\/index.php\/wp-json\/wp\/v2\/posts\/30594\/revisions\/32351"}],"wp:attachment":[{"href":"https:\/\/www.e-anjelik.sk\/index.php\/wp-json\/wp\/v2\/media?parent=30594"}],"wp:term":[{"taxonomy":"category","embeddable":true,"href":"https:\/\/www.e-anjelik.sk\/index.php\/wp-json\/wp\/v2\/categories?post=30594"},{"taxonomy":"post_tag","embeddable":true,"href":"https:\/\/www.e-anjelik.sk\/index.php\/wp-json\/wp\/v2\/tags?post=30594"}],"curies":[{"name":"wp","href":"https:\/\/api.w.org\/{rel}","templated":true}]}}