{"id":30597,"date":"2016-06-24T08:57:27","date_gmt":"2016-06-24T06:57:27","guid":{"rendered":"http:\/\/www.evanjelik.sk\/?p=30597"},"modified":"2016-06-24T08:57:27","modified_gmt":"2016-06-24T06:57:27","slug":"velky-prorok-jan-krstitel","status":"publish","type":"post","link":"https:\/\/www.e-anjelik.sk\/index.php\/2016\/06\/24\/velky-prorok-jan-krstitel\/","title":{"rendered":"Ve\u013ek\u00fd prorok J\u00e1n Krstite\u013e"},"content":{"rendered":"<p>Dnes je 24. j\u00fana, de\u0148 pamiatky proroka , mart\u00fdra , pripravovate\u013ea cesty Pre P\u00e1na, kazate\u013ea a krstite\u013ea,\u00a0ktor\u00fd si ned\u00e1val pred \u00fasta obr\u00fasok, hovoril priamo a otvorene karhal hriechy, priestupky \u013eud\u00ed i t\u00fdch najvy\u0161\u0161\u00edch. Ve\u010f nakoniec pre to bol vrhnut\u00fd do v\u00e4zenia a s\u0165at\u00fd. Pre n\u00e1s je st\u00e1le platn\u00fd jeho v\u00fdrok:<strong> On mus\u00ed r\u00e1s\u0165 a ja sa umen\u0161ova\u0165<\/strong>.<\/p>\n<p>Pozdravujeme v\u0161etk\u00fdch nosite\u013eov tohto mena\u00a0 &#8211; J\u00e1nov.<\/p>\n","protected":false},"excerpt":{"rendered":"<p>Dnes je 24. j\u00fana, de\u0148 pamiatky proroka , mart\u00fdra , pripravovate\u013ea cesty Pre P\u00e1na, kazate\u013ea a krstite\u013ea,\u00a0ktor\u00fd si ned\u00e1val pred \u00fasta obr\u00fasok, hovoril priamo a otvorene karhal hriechy, priestupky \u013eud\u00ed i t\u00fdch najvy\u0161\u0161\u00edch. Ve\u010f nakoniec pre to bol vrhnut\u00fd do v\u00e4zenia a s\u0165at\u00fd. Pre n\u00e1s je st\u00e1le platn\u00fd jeho v\u00fdrok: On mus\u00ed r\u00e1s\u0165 a ja &#8230; <a title=\"Ve\u013ek\u00fd prorok J\u00e1n Krstite\u013e\" class=\"read-more\" href=\"https:\/\/www.e-anjelik.sk\/index.php\/2016\/06\/24\/velky-prorok-jan-krstitel\/\" aria-label=\"Pre\u010d\u00edtajte si viac o Ve\u013ek\u00fd prorok J\u00e1n Krstite\u013e\">\u010c\u00edta\u0165 viac<\/a><\/p>\n","protected":false},"author":2,"featured_media":0,"comment_status":"open","ping_status":"closed","sticky":false,"template":"","format":"standard","meta":{"footnotes":""},"categories":[126,14],"tags":[],"class_list":["post-30597","post","type-post","status-publish","format-standard","hentry","category-jan-krstitel","category-osobnosti"],"_links":{"self":[{"href":"https:\/\/www.e-anjelik.sk\/index.php\/wp-json\/wp\/v2\/posts\/30597","targetHints":{"allow":["GET"]}}],"collection":[{"href":"https:\/\/www.e-anjelik.sk\/index.php\/wp-json\/wp\/v2\/posts"}],"about":[{"href":"https:\/\/www.e-anjelik.sk\/index.php\/wp-json\/wp\/v2\/types\/post"}],"author":[{"embeddable":true,"href":"https:\/\/www.e-anjelik.sk\/index.php\/wp-json\/wp\/v2\/users\/2"}],"replies":[{"embeddable":true,"href":"https:\/\/www.e-anjelik.sk\/index.php\/wp-json\/wp\/v2\/comments?post=30597"}],"version-history":[{"count":0,"href":"https:\/\/www.e-anjelik.sk\/index.php\/wp-json\/wp\/v2\/posts\/30597\/revisions"}],"wp:attachment":[{"href":"https:\/\/www.e-anjelik.sk\/index.php\/wp-json\/wp\/v2\/media?parent=30597"}],"wp:term":[{"taxonomy":"category","embeddable":true,"href":"https:\/\/www.e-anjelik.sk\/index.php\/wp-json\/wp\/v2\/categories?post=30597"},{"taxonomy":"post_tag","embeddable":true,"href":"https:\/\/www.e-anjelik.sk\/index.php\/wp-json\/wp\/v2\/tags?post=30597"}],"curies":[{"name":"wp","href":"https:\/\/api.w.org\/{rel}","templated":true}]}}