{"id":3060,"date":"2010-10-05T09:01:37","date_gmt":"2010-10-05T09:01:37","guid":{"rendered":"http:\/\/e-anjelik.sk\/?p=3060"},"modified":"2010-10-05T09:01:37","modified_gmt":"2010-10-05T09:01:37","slug":"konzervativni-krestania-v-nemecku-kritizuju-svojho-prezidenta","status":"publish","type":"post","link":"https:\/\/www.e-anjelik.sk\/index.php\/2010\/10\/05\/konzervativni-krestania-v-nemecku-kritizuju-svojho-prezidenta\/","title":{"rendered":"Konzervat\u00edvni kres\u0165ania v Nemecku kritizuj\u00fa svojho prezidenta"},"content":{"rendered":"<p>Evanjelik&aacute;lna &quot;Konferencia vyzn&aacute;va\u010dsk&yacute;ch spolo\u010denstiev&quot; kritizuje spolkov&eacute;ho prezidenta Nemecka Christiana Wulfa za jeho vyjadrenie &nbsp;pri oslave 20. v&yacute;ro\u010dia zjednotenia Nemecka. Vete :&quot;Islam patr&iacute; do Nemecka&quot; treba odporova\u0165, povedal celonemeck&yacute; &nbsp;predseda &nbsp;Konferencie a&nbsp; ev.pastor z Hamburgu Ulrich Ruess. Nie islam patr&iacute; do Nemecka, ale tu \u017eij&uacute;ci moslimovia, ak s&uacute;hlasia s &uacute;stavou a chc&uacute; sa integrova\u0165 do spolo\u010dnosti. Svojim vyjadren&iacute;m potvrdzuje a &scaron;&iacute;ri Wulf obavy z narastaj&uacute;cej islamiz&aacute;cie Nemecka a Eur&oacute;py, povedal \u010falej Ruess. Bolo by dobre, keby sa kres\u0165ansk&iacute; politici jasne hl&aacute;sili ku svojim kore\u0148om. Konferencia je zdru\u017eenie vierou\u010dne konzervat&iacute;vnych kres\u0165anov z evanjelick&yacute;ch krajinsk&yacute;ch cirkv&iacute;. Kres\u0165anstvo ur\u010dovalo v Nemecku trad&iacute;ciu a kult&uacute;ru. T&uacute;to kres\u0165ansk&uacute; kult&uacute;ru by mali lep&scaron;ie pozn&aacute;va\u0165 a cti\u0165 si aj v Nemecku \u017eij&uacute;ci moslimovia. Je nepr&iacute;pustn&eacute;, aby kres\u0165ania v islamsk&yacute;ch krajin&aacute;ch boli zazn&aacute;van&iacute;, mu\u010den&iacute;, zab&iacute;jan&iacute; a prenasledovan&iacute; a aby \u017eili v ohrozen&iacute;.<\/p>\n<p>(<a href=\"http:\/\/www.epd.de\">www.epd.de<\/a>)<\/p>\n","protected":false},"excerpt":{"rendered":"<p>Evanjelik&aacute;lna &quot;Konferencia vyzn&aacute;va\u010dsk&yacute;ch spolo\u010denstiev&quot; kritizuje spolkov&eacute;ho prezidenta Nemecka Christiana Wulfa za jeho vyjadrenie &nbsp;pri oslave 20. v&yacute;ro\u010dia zjednotenia Nemecka. Vete :&quot;Islam patr&iacute; do Nemecka&quot; treba odporova\u0165, povedal celonemeck&yacute; &nbsp;predseda &nbsp;Konferencie a&nbsp; ev.pastor z Hamburgu Ulrich Ruess. Nie islam patr&iacute; do Nemecka, ale tu \u017eij&uacute;ci moslimovia, ak s&uacute;hlasia s &uacute;stavou a chc&uacute; sa integrova\u0165 do spolo\u010dnosti. &#8230; <a title=\"Konzervat\u00edvni kres\u0165ania v Nemecku kritizuj\u00fa svojho prezidenta\" class=\"read-more\" href=\"https:\/\/www.e-anjelik.sk\/index.php\/2010\/10\/05\/konzervativni-krestania-v-nemecku-kritizuju-svojho-prezidenta\/\" aria-label=\"Pre\u010d\u00edtajte si viac o Konzervat\u00edvni kres\u0165ania v Nemecku kritizuj\u00fa svojho prezidenta\">\u010c\u00edta\u0165 viac<\/a><\/p>\n","protected":false},"author":22,"featured_media":0,"comment_status":"open","ping_status":"open","sticky":false,"template":"","format":"standard","meta":{"footnotes":""},"categories":[9,10],"tags":[],"class_list":["post-3060","post","type-post","status-publish","format-standard","hentry","category-europa","category-zo-sveta"],"_links":{"self":[{"href":"https:\/\/www.e-anjelik.sk\/index.php\/wp-json\/wp\/v2\/posts\/3060","targetHints":{"allow":["GET"]}}],"collection":[{"href":"https:\/\/www.e-anjelik.sk\/index.php\/wp-json\/wp\/v2\/posts"}],"about":[{"href":"https:\/\/www.e-anjelik.sk\/index.php\/wp-json\/wp\/v2\/types\/post"}],"author":[{"embeddable":true,"href":"https:\/\/www.e-anjelik.sk\/index.php\/wp-json\/wp\/v2\/users\/22"}],"replies":[{"embeddable":true,"href":"https:\/\/www.e-anjelik.sk\/index.php\/wp-json\/wp\/v2\/comments?post=3060"}],"version-history":[{"count":0,"href":"https:\/\/www.e-anjelik.sk\/index.php\/wp-json\/wp\/v2\/posts\/3060\/revisions"}],"wp:attachment":[{"href":"https:\/\/www.e-anjelik.sk\/index.php\/wp-json\/wp\/v2\/media?parent=3060"}],"wp:term":[{"taxonomy":"category","embeddable":true,"href":"https:\/\/www.e-anjelik.sk\/index.php\/wp-json\/wp\/v2\/categories?post=3060"},{"taxonomy":"post_tag","embeddable":true,"href":"https:\/\/www.e-anjelik.sk\/index.php\/wp-json\/wp\/v2\/tags?post=3060"}],"curies":[{"name":"wp","href":"https:\/\/api.w.org\/{rel}","templated":true}]}}