{"id":30613,"date":"2016-06-30T08:30:21","date_gmt":"2016-06-30T06:30:21","guid":{"rendered":"http:\/\/www.evanjelik.sk\/?p=30613"},"modified":"2016-06-30T08:30:21","modified_gmt":"2016-06-30T06:30:21","slug":"zacinaju-prazdniny","status":"publish","type":"post","link":"https:\/\/www.e-anjelik.sk\/index.php\/2016\/06\/30\/zacinaju-prazdniny\/","title":{"rendered":"Za\u010d\u00ednaj\u00fa pr\u00e1zdniny"},"content":{"rendered":"<p>Dnes je 30. j\u00fan &#8211; posledn\u00fd de\u0148 \u0161kolsk\u00e9ho roku. \u017diaci i u\u010ditelia sa te\u0161ia na oddych. Za v\u0161etku pomoc i po\u017eehnanie v \u0161kolskom roku 2015\/16 patr\u00ed v\u010faka a chv\u00e1la Najvy\u0161\u0161iemu. I po\u010das pr\u00e1zdnin treba pam\u00e4ta\u0165 na to, \u017ee P\u00e1n Boh nem\u00e1 pr\u00e1zdniny, je s nami, pozoruje na\u0161e konanie i re\u010di i myslenie. Nerobme preto z\u00e1rmutok Jemu a \u0161kodu sebe. Odd\u00fdchnime si, relaxujme, naberme nov\u00fdch telesn\u00fdch i du\u0161evn\u00fdch s\u00edl. Zme\u0148me prostredie, pozn\u00e1vajme nov\u00e9 kraje i krajiny, nov\u00e9 mest\u00e1 i pr\u00edrodu. Prajeme v\u00e1m Bo\u017eiu ochranu po\u010das pr\u00e1zdnin, pekn\u00e9 po\u010dasie a ve\u013ea pozit\u00edvnych z\u00e1\u017eitkov.<\/p>\n","protected":false},"excerpt":{"rendered":"<p>Dnes je 30. j\u00fan &#8211; posledn\u00fd de\u0148 \u0161kolsk\u00e9ho roku. \u017diaci i u\u010ditelia sa te\u0161ia na oddych. Za v\u0161etku pomoc i po\u017eehnanie v \u0161kolskom roku 2015\/16 patr\u00ed v\u010faka a chv\u00e1la Najvy\u0161\u0161iemu. I po\u010das pr\u00e1zdnin treba pam\u00e4ta\u0165 na to, \u017ee P\u00e1n Boh nem\u00e1 pr\u00e1zdniny, je s nami, pozoruje na\u0161e konanie i re\u010di i myslenie. Nerobme preto z\u00e1rmutok &#8230; <a title=\"Za\u010d\u00ednaj\u00fa pr\u00e1zdniny\" class=\"read-more\" href=\"https:\/\/www.e-anjelik.sk\/index.php\/2016\/06\/30\/zacinaju-prazdniny\/\" aria-label=\"Pre\u010d\u00edtajte si viac o Za\u010d\u00ednaj\u00fa pr\u00e1zdniny\">\u010c\u00edta\u0165 viac<\/a><\/p>\n","protected":false},"author":2,"featured_media":0,"comment_status":"open","ping_status":"closed","sticky":false,"template":"","format":"standard","meta":{"footnotes":""},"categories":[13,127,45],"tags":[],"class_list":["post-30613","post","type-post","status-publish","format-standard","hentry","category-mladez","category-skolsky-rok-a-prazdniny","category-uvaha"],"_links":{"self":[{"href":"https:\/\/www.e-anjelik.sk\/index.php\/wp-json\/wp\/v2\/posts\/30613","targetHints":{"allow":["GET"]}}],"collection":[{"href":"https:\/\/www.e-anjelik.sk\/index.php\/wp-json\/wp\/v2\/posts"}],"about":[{"href":"https:\/\/www.e-anjelik.sk\/index.php\/wp-json\/wp\/v2\/types\/post"}],"author":[{"embeddable":true,"href":"https:\/\/www.e-anjelik.sk\/index.php\/wp-json\/wp\/v2\/users\/2"}],"replies":[{"embeddable":true,"href":"https:\/\/www.e-anjelik.sk\/index.php\/wp-json\/wp\/v2\/comments?post=30613"}],"version-history":[{"count":0,"href":"https:\/\/www.e-anjelik.sk\/index.php\/wp-json\/wp\/v2\/posts\/30613\/revisions"}],"wp:attachment":[{"href":"https:\/\/www.e-anjelik.sk\/index.php\/wp-json\/wp\/v2\/media?parent=30613"}],"wp:term":[{"taxonomy":"category","embeddable":true,"href":"https:\/\/www.e-anjelik.sk\/index.php\/wp-json\/wp\/v2\/categories?post=30613"},{"taxonomy":"post_tag","embeddable":true,"href":"https:\/\/www.e-anjelik.sk\/index.php\/wp-json\/wp\/v2\/tags?post=30613"}],"curies":[{"name":"wp","href":"https:\/\/api.w.org\/{rel}","templated":true}]}}