{"id":3062,"date":"2010-10-05T10:32:05","date_gmt":"2010-10-05T10:32:05","guid":{"rendered":"http:\/\/e-anjelik.sk\/?p=3062"},"modified":"2010-10-05T10:32:05","modified_gmt":"2010-10-05T10:32:05","slug":"lutherov-spolok-vysvatil-vo-finsku-pastorov","status":"publish","type":"post","link":"https:\/\/www.e-anjelik.sk\/index.php\/2010\/10\/05\/lutherov-spolok-vysvatil-vo-finsku-pastorov\/","title":{"rendered":"Lutherov spolok vysv\u00e4til vo F\u00ednsku pastorov"},"content":{"rendered":"<p>V sobotu 2. okt. t.r.v Helsink&aacute;ch&nbsp;biskup Matti V&auml;is&auml;nen konzervat&iacute;vneho Lutherovho spolku vo F&iacute;nsku ordinoval &scaron;tyroch mu\u017eov za pastorov tejto sesterskej odno\u017ee Misijnej provincie zo &Scaron;v&eacute;dska. Predt&yacute;m u\u017e Misijn&aacute; provincia ordinovala osem kandid&aacute;tov za pastorov.&nbsp;Lutherov spolok, ktor&yacute; neuzn&aacute;va ordin&aacute;ciu \u017eien, nem&aacute; pr&aacute;vo pracova\u0165 v r&aacute;mci Evanjelicko-luter&aacute;nskej cirkvi F&iacute;nska. &Scaron;tyria nov&iacute; pastori za\u010dn&uacute; pracova\u0165&nbsp; v komunit&aacute;ch Spolku&nbsp;v St.Michels,Karleby, Tavastehus a Helsinki. P&iacute;&scaron;e o&nbsp;tom F&iacute;nska tla\u010dov&aacute; agent&uacute;ra. Mattiho V&auml;is&auml;nena ordinoval za biskupa v marci t.r. biskup Misijnej provincie vo &Scaron;v&eacute;dsku Arne Olsson, na\u010do v&nbsp;auguste t.r. d&oacute;mska kapitula v Tammeforse V&auml;is&auml;nena&nbsp;vy\u010diarkla z listiny k\u0148azov &nbsp;\u013eudovej cirkvi.<\/p>\n<p>\/www.kyrkanstidning.com)<\/p>\n","protected":false},"excerpt":{"rendered":"<p>V sobotu 2. okt. t.r.v Helsink&aacute;ch&nbsp;biskup Matti V&auml;is&auml;nen konzervat&iacute;vneho Lutherovho spolku vo F&iacute;nsku ordinoval &scaron;tyroch mu\u017eov za pastorov tejto sesterskej odno\u017ee Misijnej provincie zo &Scaron;v&eacute;dska. Predt&yacute;m u\u017e Misijn&aacute; provincia ordinovala osem kandid&aacute;tov za pastorov.&nbsp;Lutherov spolok, ktor&yacute; neuzn&aacute;va ordin&aacute;ciu \u017eien, nem&aacute; pr&aacute;vo pracova\u0165 v r&aacute;mci Evanjelicko-luter&aacute;nskej cirkvi F&iacute;nska. &Scaron;tyria nov&iacute; pastori za\u010dn&uacute; pracova\u0165&nbsp; v komunit&aacute;ch Spolku&nbsp;v &#8230; <a title=\"Lutherov spolok vysv\u00e4til vo F\u00ednsku pastorov\" class=\"read-more\" href=\"https:\/\/www.e-anjelik.sk\/index.php\/2010\/10\/05\/lutherov-spolok-vysvatil-vo-finsku-pastorov\/\" aria-label=\"Pre\u010d\u00edtajte si viac o Lutherov spolok vysv\u00e4til vo F\u00ednsku pastorov\">\u010c\u00edta\u0165 viac<\/a><\/p>\n","protected":false},"author":22,"featured_media":0,"comment_status":"open","ping_status":"open","sticky":false,"template":"","format":"standard","meta":{"footnotes":""},"categories":[9,10],"tags":[],"class_list":["post-3062","post","type-post","status-publish","format-standard","hentry","category-europa","category-zo-sveta"],"_links":{"self":[{"href":"https:\/\/www.e-anjelik.sk\/index.php\/wp-json\/wp\/v2\/posts\/3062","targetHints":{"allow":["GET"]}}],"collection":[{"href":"https:\/\/www.e-anjelik.sk\/index.php\/wp-json\/wp\/v2\/posts"}],"about":[{"href":"https:\/\/www.e-anjelik.sk\/index.php\/wp-json\/wp\/v2\/types\/post"}],"author":[{"embeddable":true,"href":"https:\/\/www.e-anjelik.sk\/index.php\/wp-json\/wp\/v2\/users\/22"}],"replies":[{"embeddable":true,"href":"https:\/\/www.e-anjelik.sk\/index.php\/wp-json\/wp\/v2\/comments?post=3062"}],"version-history":[{"count":0,"href":"https:\/\/www.e-anjelik.sk\/index.php\/wp-json\/wp\/v2\/posts\/3062\/revisions"}],"wp:attachment":[{"href":"https:\/\/www.e-anjelik.sk\/index.php\/wp-json\/wp\/v2\/media?parent=3062"}],"wp:term":[{"taxonomy":"category","embeddable":true,"href":"https:\/\/www.e-anjelik.sk\/index.php\/wp-json\/wp\/v2\/categories?post=3062"},{"taxonomy":"post_tag","embeddable":true,"href":"https:\/\/www.e-anjelik.sk\/index.php\/wp-json\/wp\/v2\/tags?post=3062"}],"curies":[{"name":"wp","href":"https:\/\/api.w.org\/{rel}","templated":true}]}}