{"id":30627,"date":"2016-07-06T00:38:58","date_gmt":"2016-07-05T22:38:58","guid":{"rendered":"http:\/\/www.evanjelik.sk\/?p=30627"},"modified":"2016-07-06T00:38:58","modified_gmt":"2016-07-05T22:38:58","slug":"600-rokov-od-upalenia-hieronyma-prazskeho-v-kostnici","status":"publish","type":"post","link":"https:\/\/www.e-anjelik.sk\/index.php\/2016\/07\/06\/600-rokov-od-upalenia-hieronyma-prazskeho-v-kostnici\/","title":{"rendered":"600. rokov od up\u00e1lenia Hieronyma Pra\u017esk\u00e9ho v Kostnici"},"content":{"rendered":"<p>E\u0161te dobre nevychladla zem po Husovej hranici za mestom Kostnica, ke\u010f na tom istom mieste vzplanula hranica nov\u00e1, na ktorej bol z rozhodnutia Kostnick\u00e9ho koncilu up\u00e1len\u00fd druh\u00fd \u010desk\u00fd mart\u00fdr, \u017eiak a priate\u013e Husov, magister <b>Hieronym (Jeron\u00fdm) Pra\u017esk\u00fd.<\/b> Stalo sa tak<b> 30. m\u00e1ja 1416.<\/b> Zastavme sa preto s \u00factou a pietou pri 600. v\u00fdro\u010d\u00ed mu\u010den\u00edckej smrti Hieronyma, vern\u00e9ho vyznava\u010da Viklefovho a Husovho u\u010denia. Pribl\u00ed\u017eme si \u017eivot a dielo tohto v\u00fdznamn\u00e9ho u\u010denca eur\u00f3pskeho form\u00e1tu, magistra \u0161tyroch v\u00fdznamn\u00fdch univerz\u00edt tej doby. Dosiahol titul magistra (majstra) siedmych slobodn\u00fdch umen\u00ed na \u0161tyroch prest\u00ed\u017enych univerzit\u00e1ch a to v Par\u00ed\u017ei na Sorbone, v nemeckom Kol\u00edne a Heidelbergu a v Prahe.<\/p>\n<p><b> Hieronymova mlados\u0165 a \u0161t\u00fadium v Prahe<\/b><\/p>\n<p>O Hieronymovi Pra\u017eskom nie je dosia\u013e ani v \u010cech\u00e1ch vydan\u00e1 ucelen\u00e1 monografia. Jeden z d\u00f4vodov je, \u017ee jeho v\u00fdnimo\u010dn\u00e1 osobnos\u0165 a mu\u010den\u00edcka smr\u0165 v\u017edy st\u00e1la \u010diasto\u010dne v tieni \u017eivota a mu\u010den\u00edckej smrti zn\u00e1mej\u0161ieho&nbsp; M.J.Husa. Druh\u00fd d\u00f4vod je ten, \u017ee o jeho \u017eivote sa zachovalo relat\u00edvne m\u00e1lo spr\u00e1v a \u00fadajov. Vzh\u013eadom na jeho vek, z jeho pera poch\u00e1dza menej spisov, pojednan\u00ed a listov. Historici predpokladaj\u00fa, \u017ee sa Hieronymus narodil v Prahe, ako syn nejak\u00e9ho Vojtecha (F.\u0160mahel: V\u00e1clava) z Nov\u00e9ho Mesta pra\u017esk\u00e9ho, niekedy okolo roku 1380.<\/p>\n<p>Jedn\u00fdm z mnoh\u00fdch paradoxov jeho \u017eivota je, \u017ee niektor\u00e9 \u00fadaje o jeho p\u00f4vode a \u017eivote zachoval jeho ve\u013ek\u00fd nepriate\u013e, kardin\u00e1l Eneas Sylvius,&nbsp; neskor\u0161\u00ed p\u00e1pe\u017e Pius II., ktor\u00fd nap\u00edsal v stredoveku zn\u00e1me dielo <i>\u201d \u010cesk\u00e1 hist\u00f3ria\u201d.<\/i> V nej sa zaober\u00e1 i osobnos\u0165ou Hieronyma o ktorom p\u00ed\u0161e \u017ee bol: <i>\u201dvirum nobilem de domo putris piscis\u201d t.j.\u201durodzen\u00fd mu\u017e z domu hnilej ryby\u201d. <\/i>U\u017e Franti\u0161ek Palack\u00fd a in\u00ed predpokladali, \u017ee to bol pr\u00e1ve jeho patricijsk\u00fd p\u00f4vod a dostato\u010dn\u00e9 finan\u010dn\u00e9 zabezpe\u010denie, \u010do mu umo\u017e\u0148ovalo v mladosti precestova\u0165 temer cel\u00fd vtedaj\u0161\u00ed kres\u0165ansk\u00fd svet a spozna\u0165 krajiny, kult\u00faru a n\u00e1bo\u017eenstvo okolit\u00fdch kraj\u00edn i samotnej Palest\u00edny. Tak\u00e1to cesta bola aj vo vtedaj\u0161ej dobe ve\u013emi n\u00e1kladn\u00e1, ale aj riskatn\u00e1, \u010do sved\u010d\u00ed o ve\u013ekej odvahe a&nbsp; nepokojnej povahe mlad\u00e9ho Hieronyma. Krstn\u00e9 meno ktor\u00e9 dostal sved\u010d\u00ed o jeho slovanskom p\u00f4vode, ke\u010f\u017ee v stredoveku sa tradovalo, \u017ee sv. Hieronymus (347 &#8211; 420), cirkevn\u00fd otec a prekladate\u013e P\u00edsma sv\u00e4t\u00e9ho do latin\u010diny mal slovansk\u00fd, il\u00fdrsky p\u00f4vod.<\/p>\n<p>Prv\u00fdm overite\u013en\u00fdm faktom o Hieronymovi je z\u00e1znam o jeho bakal\u00e1rskej prom\u00f3cii v okt\u00f3bri roku 1398, ke\u010f \u00faspe\u0161ne zlo\u017eil sk\u00fa\u0161ky a stal sa bakal\u00e1rom slobodn\u00fdch umen\u00ed na pra\u017eskej Karlovej univerzite. Z toho sa d\u00e1 usuzova\u0165, \u017ee \u0161tudova\u0165 na univerzite za\u010dal v rokoch 1395 &#8211; 96. Bol teda najmenej o desa\u0165 rokov mlad\u0161\u00ed ako M.J.Hus. Hieronym bol jeho \u017eiakom a \u017eiakom \u010fal\u0161\u00edch proreformn\u00fdch u\u010dite\u013eov na Karlovej univerzite. V priebehu univerzitn\u00e9ho \u0161t\u00fadia sa dok\u00e1zal ako mimoriadne talentovan\u00fd, t\u00fa\u017eiaci po vedomostiach a ve\u013ek\u00fdm \u017eivotn\u00fdm el\u00e1nom naplnen\u00fd mlad\u00fd mu\u017e. U\u017e vtedy vzniklo medzi J.Husom a jeho \u0161tudentami siln\u00e9 puto. Nebolo preto n\u00e1hodn\u00e9, \u017ee to bol pr\u00e1ve J\u00e1n Hus, ktor\u00fd na za\u010diatku roku 1999 vymohol od dekana artistickej fakulty pre Hieronyma v\u00fdnimku, aby nemusel povinne dva roky predn\u00e1\u0161a\u0165 na fakulte, ako to bolo zvykom, ale mohol od\u00eds\u0165 na \u0161t\u00fadim do anglick\u00e9ho Oxfordu.<\/p>\n<p><em> (pokra\u010dovanie&#8230;)<\/em><\/p>\n","protected":false},"excerpt":{"rendered":"<p>E\u0161te dobre nevychladla zem po Husovej hranici za mestom Kostnica, ke\u010f na tom istom mieste vzplanula hranica nov\u00e1, na ktorej bol z rozhodnutia Kostnick\u00e9ho koncilu up\u00e1len\u00fd druh\u00fd \u010desk\u00fd mart\u00fdr, \u017eiak a priate\u013e Husov, magister Hieronym (Jeron\u00fdm) Pra\u017esk\u00fd. Stalo sa tak 30. m\u00e1ja 1416. Zastavme sa preto s \u00factou a pietou pri 600. v\u00fdro\u010d\u00ed mu\u010den\u00edckej smrti &#8230; <a title=\"600. rokov od up\u00e1lenia Hieronyma Pra\u017esk\u00e9ho v Kostnici\" class=\"read-more\" href=\"https:\/\/www.e-anjelik.sk\/index.php\/2016\/07\/06\/600-rokov-od-upalenia-hieronyma-prazskeho-v-kostnici\/\" aria-label=\"Pre\u010d\u00edtajte si viac o 600. rokov od up\u00e1lenia Hieronyma Pra\u017esk\u00e9ho v Kostnici\">\u010c\u00edta\u0165 viac<\/a><\/p>\n","protected":false},"author":4,"featured_media":0,"comment_status":"open","ping_status":"closed","sticky":false,"template":"","format":"standard","meta":{"footnotes":""},"categories":[1],"tags":[],"class_list":["post-30627","post","type-post","status-publish","format-standard","hentry","category-adventna-modlitba"],"_links":{"self":[{"href":"https:\/\/www.e-anjelik.sk\/index.php\/wp-json\/wp\/v2\/posts\/30627","targetHints":{"allow":["GET"]}}],"collection":[{"href":"https:\/\/www.e-anjelik.sk\/index.php\/wp-json\/wp\/v2\/posts"}],"about":[{"href":"https:\/\/www.e-anjelik.sk\/index.php\/wp-json\/wp\/v2\/types\/post"}],"author":[{"embeddable":true,"href":"https:\/\/www.e-anjelik.sk\/index.php\/wp-json\/wp\/v2\/users\/4"}],"replies":[{"embeddable":true,"href":"https:\/\/www.e-anjelik.sk\/index.php\/wp-json\/wp\/v2\/comments?post=30627"}],"version-history":[{"count":0,"href":"https:\/\/www.e-anjelik.sk\/index.php\/wp-json\/wp\/v2\/posts\/30627\/revisions"}],"wp:attachment":[{"href":"https:\/\/www.e-anjelik.sk\/index.php\/wp-json\/wp\/v2\/media?parent=30627"}],"wp:term":[{"taxonomy":"category","embeddable":true,"href":"https:\/\/www.e-anjelik.sk\/index.php\/wp-json\/wp\/v2\/categories?post=30627"},{"taxonomy":"post_tag","embeddable":true,"href":"https:\/\/www.e-anjelik.sk\/index.php\/wp-json\/wp\/v2\/tags?post=30627"}],"curies":[{"name":"wp","href":"https:\/\/api.w.org\/{rel}","templated":true}]}}