{"id":3063,"date":"2010-10-05T10:50:57","date_gmt":"2010-10-05T10:50:57","guid":{"rendered":"http:\/\/e-anjelik.sk\/?p=3063"},"modified":"2010-10-05T10:50:57","modified_gmt":"2010-10-05T10:50:57","slug":"22-novych-pracovnikov-diakonie-selk-nastupilo-do-sluzby","status":"publish","type":"post","link":"https:\/\/www.e-anjelik.sk\/index.php\/2010\/10\/05\/22-novych-pracovnikov-diakonie-selk-nastupilo-do-sluzby\/","title":{"rendered":"22 nov\u00fdch pracovn\u00edkov diakonie SELK nast\u00fapilo do slu\u017eby"},"content":{"rendered":"<p>V najv&auml;\u010d&scaron;om diakonickom zariaden&iacute; Samostatnej evanjelicko-luter&aacute;nskej cirkvi v Nemecku (SELK) Naemi Wilke Stift v Guben pred rokom za\u010dalo &scaron;tudova\u0165 na &Scaron;kole pre zdravotn&uacute; a opatrovate\u013esk&uacute; pomoc 25 &scaron;tuduj&uacute;cich, z nich teraz 22 &uacute;spe&scaron;ne vykonalo z&aacute;vere\u010dn&eacute; sk&uacute;&scaron;ky a 30. sept. t.r.boli sl&aacute;vnostne vyraden&iacute; do slu\u017eby. &Scaron;t&uacute;dium pozost&aacute;valo zo 600 hod&iacute;n&nbsp;te&oacute;rie a&nbsp;viacej ako &nbsp;1100 hod&iacute;n praktick&yacute;ch hod&iacute;n. 1. okt&oacute;bra t.r. sa za\u010dal nov&yacute; &scaron;tudijn&yacute; rok pre nov&yacute;ch &scaron;tuduj&uacute;cich.<\/p>\n<p>(<a href=\"http:\/\/www.selk.de\">www.selk.de<\/a>)<\/p>\n","protected":false},"excerpt":{"rendered":"<p>V najv&auml;\u010d&scaron;om diakonickom zariaden&iacute; Samostatnej evanjelicko-luter&aacute;nskej cirkvi v Nemecku (SELK) Naemi Wilke Stift v Guben pred rokom za\u010dalo &scaron;tudova\u0165 na &Scaron;kole pre zdravotn&uacute; a opatrovate\u013esk&uacute; pomoc 25 &scaron;tuduj&uacute;cich, z nich teraz 22 &uacute;spe&scaron;ne vykonalo z&aacute;vere\u010dn&eacute; sk&uacute;&scaron;ky a 30. sept. t.r.boli sl&aacute;vnostne vyraden&iacute; do slu\u017eby. &Scaron;t&uacute;dium pozost&aacute;valo zo 600 hod&iacute;n&nbsp;te&oacute;rie a&nbsp;viacej ako &nbsp;1100 hod&iacute;n praktick&yacute;ch hod&iacute;n. &#8230; <a title=\"22 nov\u00fdch pracovn\u00edkov diakonie SELK nast\u00fapilo do slu\u017eby\" class=\"read-more\" href=\"https:\/\/www.e-anjelik.sk\/index.php\/2010\/10\/05\/22-novych-pracovnikov-diakonie-selk-nastupilo-do-sluzby\/\" aria-label=\"Pre\u010d\u00edtajte si viac o 22 nov\u00fdch pracovn\u00edkov diakonie SELK nast\u00fapilo do slu\u017eby\">\u010c\u00edta\u0165 viac<\/a><\/p>\n","protected":false},"author":22,"featured_media":0,"comment_status":"open","ping_status":"open","sticky":false,"template":"","format":"standard","meta":{"footnotes":""},"categories":[1],"tags":[221],"class_list":["post-3063","post","type-post","status-publish","format-standard","hentry","category-adventna-modlitba","tag-diakonia"],"_links":{"self":[{"href":"https:\/\/www.e-anjelik.sk\/index.php\/wp-json\/wp\/v2\/posts\/3063","targetHints":{"allow":["GET"]}}],"collection":[{"href":"https:\/\/www.e-anjelik.sk\/index.php\/wp-json\/wp\/v2\/posts"}],"about":[{"href":"https:\/\/www.e-anjelik.sk\/index.php\/wp-json\/wp\/v2\/types\/post"}],"author":[{"embeddable":true,"href":"https:\/\/www.e-anjelik.sk\/index.php\/wp-json\/wp\/v2\/users\/22"}],"replies":[{"embeddable":true,"href":"https:\/\/www.e-anjelik.sk\/index.php\/wp-json\/wp\/v2\/comments?post=3063"}],"version-history":[{"count":0,"href":"https:\/\/www.e-anjelik.sk\/index.php\/wp-json\/wp\/v2\/posts\/3063\/revisions"}],"wp:attachment":[{"href":"https:\/\/www.e-anjelik.sk\/index.php\/wp-json\/wp\/v2\/media?parent=3063"}],"wp:term":[{"taxonomy":"category","embeddable":true,"href":"https:\/\/www.e-anjelik.sk\/index.php\/wp-json\/wp\/v2\/categories?post=3063"},{"taxonomy":"post_tag","embeddable":true,"href":"https:\/\/www.e-anjelik.sk\/index.php\/wp-json\/wp\/v2\/tags?post=3063"}],"curies":[{"name":"wp","href":"https:\/\/api.w.org\/{rel}","templated":true}]}}