{"id":30630,"date":"2016-07-06T04:06:51","date_gmt":"2016-07-06T02:06:51","guid":{"rendered":"http:\/\/www.evanjelik.sk\/?p=30630"},"modified":"2016-07-06T04:06:51","modified_gmt":"2016-07-06T02:06:51","slug":"adorjani-dezso-zoltan-na-dalsie-roky-biskupom-v-rumunsku","status":"publish","type":"post","link":"https:\/\/www.e-anjelik.sk\/index.php\/2016\/07\/06\/adorjani-dezso-zoltan-na-dalsie-roky-biskupom-v-rumunsku\/","title":{"rendered":"Adorj\u00e1ni Dezso Zolt\u00e1n na \u010fal\u0161ie roky biskupom v Rumunsku"},"content":{"rendered":"<p>30. j\u00fana 2016 volebn\u00e1 komisia Evanjelicko-luter\u00e1nskej cirkvi v Rumunsku otvorila volebn\u00e9 ob\u00e1lky zo v\u0161etk\u00fdch 41 cirkevn\u00fdch zborov a zistila, \u017ee doteraj\u0161\u00ed biskup Adorj\u00e1ni Dezso Zolt\u00e1n bol jednomyse\u013ene bez protihlasov, \u010di zdr\u017eania sa\u00a0 op\u00e4tovne zvolen\u00fd za biskupa tejto cirkvi . Funk\u010dn\u00e9 obdobie sa mu t\u00fdm predl\u017euje na \u010fal\u0161\u00edch 12 rokov. Adorj\u00e1ni sa narodil v roku 1964 a Protestantsk\u00fd teologick\u00fd in\u0161tit\u00fat v Klu\u017ei ukon\u010dil v roku 1988. V r\u00e1mci tejto cirkvi, s preva\u017ene \u00a0ma\u010farsk\u00fdm jazykom, pracuje aj slovensk\u00fd evanjelick\u00fd senior\u00e1t v Rumunsku so strediskom v Nadlaku.<\/p>\n<p>\/www.evangelikus.hu)<\/p>\n","protected":false},"excerpt":{"rendered":"<p>30. j\u00fana 2016 volebn\u00e1 komisia Evanjelicko-luter\u00e1nskej cirkvi v Rumunsku otvorila volebn\u00e9 ob\u00e1lky zo v\u0161etk\u00fdch 41 cirkevn\u00fdch zborov a zistila, \u017ee doteraj\u0161\u00ed biskup Adorj\u00e1ni Dezso Zolt\u00e1n bol jednomyse\u013ene bez protihlasov, \u010di zdr\u017eania sa\u00a0 op\u00e4tovne zvolen\u00fd za biskupa tejto cirkvi . Funk\u010dn\u00e9 obdobie sa mu t\u00fdm predl\u017euje na \u010fal\u0161\u00edch 12 rokov. Adorj\u00e1ni sa narodil v roku 1964 &#8230; <a title=\"Adorj\u00e1ni Dezso Zolt\u00e1n na \u010fal\u0161ie roky biskupom v Rumunsku\" class=\"read-more\" href=\"https:\/\/www.e-anjelik.sk\/index.php\/2016\/07\/06\/adorjani-dezso-zoltan-na-dalsie-roky-biskupom-v-rumunsku\/\" aria-label=\"Pre\u010d\u00edtajte si viac o Adorj\u00e1ni Dezso Zolt\u00e1n na \u010fal\u0161ie roky biskupom v Rumunsku\">\u010c\u00edta\u0165 viac<\/a><\/p>\n","protected":false},"author":2,"featured_media":0,"comment_status":"open","ping_status":"closed","sticky":false,"template":"","format":"standard","meta":{"footnotes":""},"categories":[9,73,87,54],"tags":[],"class_list":["post-30630","post","type-post","status-publish","format-standard","hentry","category-europa","category-ecav","category-rumunsko","category-volby"],"_links":{"self":[{"href":"https:\/\/www.e-anjelik.sk\/index.php\/wp-json\/wp\/v2\/posts\/30630","targetHints":{"allow":["GET"]}}],"collection":[{"href":"https:\/\/www.e-anjelik.sk\/index.php\/wp-json\/wp\/v2\/posts"}],"about":[{"href":"https:\/\/www.e-anjelik.sk\/index.php\/wp-json\/wp\/v2\/types\/post"}],"author":[{"embeddable":true,"href":"https:\/\/www.e-anjelik.sk\/index.php\/wp-json\/wp\/v2\/users\/2"}],"replies":[{"embeddable":true,"href":"https:\/\/www.e-anjelik.sk\/index.php\/wp-json\/wp\/v2\/comments?post=30630"}],"version-history":[{"count":0,"href":"https:\/\/www.e-anjelik.sk\/index.php\/wp-json\/wp\/v2\/posts\/30630\/revisions"}],"wp:attachment":[{"href":"https:\/\/www.e-anjelik.sk\/index.php\/wp-json\/wp\/v2\/media?parent=30630"}],"wp:term":[{"taxonomy":"category","embeddable":true,"href":"https:\/\/www.e-anjelik.sk\/index.php\/wp-json\/wp\/v2\/categories?post=30630"},{"taxonomy":"post_tag","embeddable":true,"href":"https:\/\/www.e-anjelik.sk\/index.php\/wp-json\/wp\/v2\/tags?post=30630"}],"curies":[{"name":"wp","href":"https:\/\/api.w.org\/{rel}","templated":true}]}}